{"id":3656,"date":"2019-11-05T01:13:09","date_gmt":"2019-11-05T00:13:09","guid":{"rendered":"https:\/\/www.ameco-group.com\/?p=3656"},"modified":"2019-11-05T01:13:09","modified_gmt":"2019-11-05T00:13:09","slug":"grupo-ameco-lanca-seu-canal-no-youtube-para-mostrar-suas-instalacoes-de-manuseio-de-materiais","status":"publish","type":"post","link":"https:\/\/www.ameco-group.com\/pt-br\/nossas-noticias\/grupo-ameco-lanca-seu-canal-no-youtube-para-mostrar-suas-instalacoes-de-manuseio-de-materiais\/","title":{"rendered":"Grupo AMECO lan\u00e7a seu canal no YouTube para mostrar suas instala\u00e7\u00f5es de manuseio de materiais"},"content":{"rendered":"<p><span style=\"font-weight: 400;\"><strong><span class=\"s6\">O Grupo AMECO lan\u00e7ou seu canal no YouTube para tornar muito mais f\u00e1cil a visualiza\u00e7\u00e3o de nossas instala\u00e7\u00f5es de carregadores de navios, recuperadoras e de sistemas de <\/span><span class=\"s6\">armazenamento pelos nossos poss\u00edveis clientes e parceiros gra\u00e7as a v\u00eddeos que os destacam em funcionam<\/span><span class=\"s6\">ento.<\/span><\/strong><\/span><\/p>\n<p><span class=\"s8\">Voc\u00ea pode assistir ao canal e se inscrever <\/span><a href=\"https:\/\/www.youtube.com\/channel\/UCivRRUmsEEWKS_hbyBf32RQ\/featured\"><span class=\"s9\">aqui.<\/span><\/a><\/p>\n<p><strong><span class=\"s6\">O canal destaca v\u00eddeos sobre instala\u00e7\u00f5es de carregadores de navios, recuperadoras e de armazenamento do Grupo AMECO em<\/span><span class=\"s6\"> todo o mundo, organizados em playlists para os interessados pelos setores de gera\u00e7\u00e3o de energia, cimento e celulose, entre outros.<\/span><\/strong><\/p>\n<p>Aqui est\u00e3o alguns dos nossos v\u00eddeos favoritos para voc\u00ea curtir, comentar e compartilhar:<\/p>\n<p><em>You can follow along with the AMECO Group team as it gets ready to handoff a reclaimer at a power plant &#8211; starting from the pre-launch inspection&#8230;.<\/em><\/p>\n<p class=\"s7\"><em><span class=\"s10\">Voc\u00ea pode acompanhar a equipe do Gr<\/span><span class=\"s10\">upo AMECO enquanto ela se prepara para entregar uma recuperadora em uma usina &#8211; desde a inspe\u00e7\u00e3o pr\u00e9-funcionamento\u2026.<\/span><\/em><\/p>\n<p><iframe title=\"AMECO Portal reclaimer: inspection before first run at LG&amp;E Trimble County Power Plant in Kentucky\" width=\"500\" height=\"281\" src=\"https:\/\/www.youtube.com\/embed\/vjEgxc7B-Pk?feature=oembed\" frameborder=\"0\" allow=\"accelerometer; autoplay; clipboard-write; encrypted-media; gyroscope; picture-in-picture; web-share\" referrerpolicy=\"strict-origin-when-cross-origin\" allowfullscreen><\/iframe><\/p>\n<p><em>\u2026 At\u00e9 o pressionar do bot\u00e3o ligar<\/em><\/p>\n<p><iframe title=\"AMECO Portal Scraper Reclaimer: Start Sequence using touchscreen in cabin\" width=\"500\" height=\"281\" src=\"https:\/\/www.youtube.com\/embed\/eYD_tDIk58I?feature=oembed\" frameborder=\"0\" allow=\"accelerometer; autoplay; clipboard-write; encrypted-media; gyroscope; picture-in-picture; web-share\" referrerpolicy=\"strict-origin-when-cross-origin\" allowfullscreen><\/iframe><\/p>\n<p class=\"s7\"><span class=\"s10\"><em>At\u00e9 a recupera\u00e7\u00e3o de fato\u2026<\/em>.<\/span><\/p>\n<p><iframe title=\"AMECO Portal Scraper Reclaimer: scraped gypsum being transported using conveyor belt\" width=\"500\" height=\"281\" src=\"https:\/\/www.youtube.com\/embed\/GacBYt8RM8A?feature=oembed\" frameborder=\"0\" allow=\"accelerometer; autoplay; clipboard-write; encrypted-media; gyroscope; picture-in-picture; web-share\" referrerpolicy=\"strict-origin-when-cross-origin\" allowfullscreen><\/iframe><\/p>\n<p><em>E tamb\u00e9m em movimento acelerado!<\/em><\/p>\n<p><iframe title=\"AMECO Portal Scraper Reclaimer: side-view timelapse (1\/2)\" width=\"500\" height=\"281\" src=\"https:\/\/www.youtube.com\/embed\/OhGaQ7E9QEM?feature=oembed\" frameborder=\"0\" allow=\"accelerometer; autoplay; clipboard-write; encrypted-media; gyroscope; picture-in-picture; web-share\" referrerpolicy=\"strict-origin-when-cross-origin\" allowfullscreen><\/iframe><\/p>\n<p><em><span class=\"s10\">Voc\u00ea tamb\u00e9m pode conhecer alguns dos me<\/span><span class=\"s10\">mbros da nossa equipe, gra\u00e7as ao nosso mais recente v\u00eddeo de recrutamento sobre a equipe do Grupo AMECO abaixo<\/span><\/em><\/p>\n<p><iframe title=\"AMECO Group -  Meet the team !\" width=\"500\" height=\"281\" src=\"https:\/\/www.youtube.com\/embed\/IAraac4RLYQ?feature=oembed\" frameborder=\"0\" allow=\"accelerometer; autoplay; clipboard-write; encrypted-media; gyroscope; picture-in-picture; web-share\" referrerpolicy=\"strict-origin-when-cross-origin\" allowfullscreen><\/iframe><\/p>\n<p><span style=\"font-weight: 400;\"><span class=\"s6\">\u201d<strong>Sabemos que poss\u00edveis clientes e clientes gostam quando o Grupo AMECO faz mais do que apenas falar sobre nossa experi\u00eancia, mas tamb\u00e9m mostra nossos carregadores de navios, recuperadoras e sistemas de armazenamento circular em a\u00e7\u00e3o&#8221;, disse Stephane Killia<\/strong><\/span><strong><span class=\"s6\">n, CEO do Grupo AMECO<\/span><\/strong><span class=\"s8\">.\u201cFoi por isso que optamos por compartilhar v\u00eddeos gravados pela nossa pr\u00f3pria equipe, a fim de enfatizar melhor nosso conhecimento no fornecimento de maquin\u00e1rios personalizados e leves. Acredito que nosso canal rec\u00e9m-lan\u00e7ado no YouTube, juntamente com a vers\u00e3o em espanhol rec\u00e9m-lan\u00e7ada e a pr\u00f3xima vers\u00e3o em portugu\u00eas do Brasil do nosso site atendam bem \u00e0s necessidades de nossos poss\u00edveis clientes que procuram informa\u00e7\u00f5es sobre nossa empresa.&#8221;<\/span><\/span><\/p>\n<p><span style=\"font-weight: 400;\">\u00a0<\/span><\/p>\n<h2><b>About AMECO Group<\/b><\/h2>\n<p class=\"s7\"><span class=\"s8\">O Grupo AMECO, com se<\/span><span class=\"s8\">de em Illfurth, Fran\u00e7a, projeta e fabrica equipamentos personalizados de manuseio de materiais a granel para clientes exigentes do mundo todo.<\/span><span class=\"s8\"> Desde 1932, a AMECO oferece uma linha completa de empilhadeiras, recuperadoras, carregadores de navios e sistema<\/span><span class=\"s8\">s de mistura para o manuseio de todos os tipos de materiais a granel.<\/span><\/p>\n<p class=\"s7\"><span class=\"s8\">Nossas equipes projetam os maquin\u00e1rios de acordo com as especifica\u00e7\u00f5es de cada cliente e garantem a fabrica\u00e7\u00e3o, o monitoramento e a montagem no local. Durante toda a vida \u00fatil do maquin\u00e1<\/span><span class=\"s8\">rio, fornecemos pe\u00e7as de reposi\u00e7\u00e3o de alta qualidade, al\u00e9m de suporte de manuten\u00e7\u00e3o especializado, seja de maneira remota ou diretamente no local.<\/span><\/p>\n<p class=\"s7\"><span class=\"s8\">O Grupo AMECO tem mais de 300 refer\u00eancias em todos os continentes no<\/span><span class=\"s8\">s setores qu\u00edmico, petroqu\u00edmico, de miner<\/span><span class=\"s8\">a\u00e7\u00e3o, papel e celulose, cimento, gera\u00e7\u00e3o de energia e cogera\u00e7\u00e3o, com <\/span><a name=\"_GoBack\"><\/a><span class=\"s8\">os nossos carregadores de navios manuseando materiais a granel nos principais portos do mundo \u00a0<\/span><\/p>\n<p>&nbsp;<\/p>\n<h2>Contatos<\/h2>\n<ul>\n<li style=\"list-style-type: none\">\n<ul>\n<li><strong>Rela\u00e7\u00f5es p\u00fablicas e marketing: <\/strong><span style=\"font-weight: 400;\">Alexandre Giess <\/span><a href=\"mailto:alex.giess@ameco.eu.com\"><span style=\"font-weight: 400;\">alex.giess@ameco.eu.com<\/span><span style=\"font-weight: 400;\">\u00a0\u00a0<\/span><\/a><\/li>\n<\/ul>\n<\/li>\n<\/ul>\n<p>&nbsp;<\/p>\n<ul>\n<li><strong style=\"font-size: inherit;\"><b>Global Sales \/ Spare Parts<\/b>: <\/strong><a style=\"font-size: inherit; background-color: #ffffff;\" href=\"mailto:sales@ameco.eu.com\">sales@ameco.eu.com\u00a0\u00a0<\/a><\/li>\n<\/ul>\n<p>&nbsp;<\/p>\n<h2><strong>Siga o Grupo AMECO no:<\/strong><\/h2>\n<ul>\n<li>\n<p class=\"s12\"><a href=\"https:\/\/www.linkedin.com\/company\/ameco-group\"><span class=\"s14\">LinkedIn<\/span><\/a><\/p>\n<\/li>\n<li>\n<p class=\"s12\"><a href=\"https:\/\/twitter.com\/GroupAmeco\"><span class=\"s14\">Twitter<\/span><\/a><\/p>\n<\/li>\n<li>\n<p class=\"s12\"><a href=\"https:\/\/www.facebook.com\/AMECOgroup\/\"><span class=\"s14\">Facebook<\/span><\/a><\/p>\n<\/li>\n<li>\n<p class=\"s12\"><a href=\"https:\/\/www.youtube.com\/channel\/UCivRRUmsEEWKS_hbyBf32RQ\/featured\"><span class=\"s14\">YouTube<\/span><\/a><\/p>\n<\/li>\n<li>\n<p class=\"s12\"><span class=\"s8\">\u2026 E, claro, no nosso <\/span><a href=\"https:\/\/www.ameco-group.com\/pt-br\/nossas-noticias\/\"><span class=\"s14\">blog<\/span><\/a><\/p>\n<\/li>\n<\/ul>\n","protected":false},"excerpt":{"rendered":"<p>O Grupo AMECO lan\u00e7ou seu canal no YouTube para tornar muito mais f\u00e1cil a visualiza\u00e7\u00e3o de nossas instala\u00e7\u00f5es de carregadores [&hellip;]<\/p>\n","protected":false},"author":3,"featured_media":3349,"comment_status":"closed","ping_status":"closed","sticky":false,"template":"","format":"standard","meta":{"_acf_changed":false,"footnotes":""},"categories":[27,32,29,33,34,31,30,28],"tags":[],"class_list":["post-3656","post","type-post","status-publish","format-standard","has-post-thumbnail","hentry","category-nossas-noticias","category-carregador-de-navio","category-corporativo","category-empilhadeira","category-empilhadeira-recuperadora-circular-css","category-raspador-rotativo","category-recuperadora-de-porta","category-recuperadoras","wp-sticky"],"acf":[],"yoast_head":"<!-- This site is optimized with the Yoast SEO plugin v27.4 - https:\/\/yoast.com\/product\/yoast-seo-wordpress\/ -->\n<title>Grupo AMECO lan\u00e7a seu canal no YouTube para mostrar suas instala\u00e7\u00f5es de manuseio de materiais<\/title>\n<meta name=\"robots\" content=\"index, follow, max-snippet:-1, max-image-preview:large, max-video-preview:-1\" \/>\n<link rel=\"canonical\" href=\"https:\/\/www.ameco-group.com\/pt-br\/nossas-noticias\/grupo-ameco-lanca-seu-canal-no-youtube-para-mostrar-suas-instalacoes-de-manuseio-de-materiais\/\" \/>\n<meta property=\"og:locale\" content=\"pt_BR\" \/>\n<meta property=\"og:type\" content=\"article\" \/>\n<meta property=\"og:title\" content=\"Grupo AMECO lan\u00e7a seu canal no YouTube para mostrar suas instala\u00e7\u00f5es de manuseio de materiais\" \/>\n<meta property=\"og:description\" content=\"O Grupo AMECO lan\u00e7ou seu canal no YouTube para tornar muito mais f\u00e1cil a visualiza\u00e7\u00e3o de nossas instala\u00e7\u00f5es de carregadores [&hellip;]\" \/>\n<meta property=\"og:url\" content=\"https:\/\/www.ameco-group.com\/pt-br\/nossas-noticias\/grupo-ameco-lanca-seu-canal-no-youtube-para-mostrar-suas-instalacoes-de-manuseio-de-materiais\/\" \/>\n<meta property=\"og:site_name\" content=\"AMECO Group\" \/>\n<meta property=\"article:published_time\" content=\"2019-11-05T00:13:09+00:00\" \/>\n<meta property=\"og:image\" content=\"https:\/\/www.ameco-group.com\/wp-inside\/uploads\/2019\/08\/screen-shot-2019-08-27-at-11.22.26-am.jpg\" \/>\n\t<meta property=\"og:image:width\" content=\"2630\" \/>\n\t<meta property=\"og:image:height\" content=\"1822\" \/>\n\t<meta property=\"og:image:type\" content=\"image\/png\" \/>\n<meta name=\"author\" content=\"Alex Giess\" \/>\n<meta name=\"twitter:card\" content=\"summary_large_image\" \/>\n<meta name=\"twitter:label1\" content=\"Escrito por\" \/>\n\t<meta name=\"twitter:data1\" content=\"Alex Giess\" \/>\n\t<meta name=\"twitter:label2\" content=\"Est. tempo de leitura\" \/>\n\t<meta name=\"twitter:data2\" content=\"3 minutos\" \/>\n<script type=\"application\/ld+json\" class=\"yoast-schema-graph\">{\"@context\":\"https:\\\/\\\/schema.org\",\"@graph\":[{\"@type\":\"Article\",\"@id\":\"https:\\\/\\\/www.ameco-group.com\\\/pt-br\\\/nossas-noticias\\\/grupo-ameco-lanca-seu-canal-no-youtube-para-mostrar-suas-instalacoes-de-manuseio-de-materiais\\\/#article\",\"isPartOf\":{\"@id\":\"https:\\\/\\\/www.ameco-group.com\\\/pt-br\\\/nossas-noticias\\\/grupo-ameco-lanca-seu-canal-no-youtube-para-mostrar-suas-instalacoes-de-manuseio-de-materiais\\\/\"},\"author\":{\"name\":\"Alex Giess\",\"@id\":\"https:\\\/\\\/www.ameco-group.com\\\/pt-br\\\/#\\\/schema\\\/person\\\/0ed9df337b03da59682ae67c6f6bbc0e\"},\"headline\":\"Grupo AMECO lan\u00e7a seu canal no YouTube para mostrar suas instala\u00e7\u00f5es de manuseio de materiais\",\"datePublished\":\"2019-11-05T00:13:09+00:00\",\"mainEntityOfPage\":{\"@id\":\"https:\\\/\\\/www.ameco-group.com\\\/pt-br\\\/nossas-noticias\\\/grupo-ameco-lanca-seu-canal-no-youtube-para-mostrar-suas-instalacoes-de-manuseio-de-materiais\\\/\"},\"wordCount\":622,\"publisher\":{\"@id\":\"https:\\\/\\\/www.ameco-group.com\\\/pt-br\\\/#organization\"},\"image\":{\"@id\":\"https:\\\/\\\/www.ameco-group.com\\\/pt-br\\\/nossas-noticias\\\/grupo-ameco-lanca-seu-canal-no-youtube-para-mostrar-suas-instalacoes-de-manuseio-de-materiais\\\/#primaryimage\"},\"thumbnailUrl\":\"https:\\\/\\\/www.ameco-group.com\\\/wp-inside\\\/uploads\\\/2019\\\/08\\\/screen-shot-2019-08-27-at-11.22.26-am.jpg\",\"articleSection\":[\"Blog\",\"Carregador de navio\",\"Corporativo\",\"Empilhadeira\",\"Empilhadeira Recuperadora Circular (CSS)\",\"Raspador Rotativo\",\"Recuperadora de porta\",\"Recuperadoras\"],\"inLanguage\":\"pt-BR\"},{\"@type\":\"WebPage\",\"@id\":\"https:\\\/\\\/www.ameco-group.com\\\/pt-br\\\/nossas-noticias\\\/grupo-ameco-lanca-seu-canal-no-youtube-para-mostrar-suas-instalacoes-de-manuseio-de-materiais\\\/\",\"url\":\"https:\\\/\\\/www.ameco-group.com\\\/pt-br\\\/nossas-noticias\\\/grupo-ameco-lanca-seu-canal-no-youtube-para-mostrar-suas-instalacoes-de-manuseio-de-materiais\\\/\",\"name\":\"Grupo AMECO lan\u00e7a seu canal no YouTube para mostrar suas instala\u00e7\u00f5es de manuseio de materiais\",\"isPartOf\":{\"@id\":\"https:\\\/\\\/www.ameco-group.com\\\/pt-br\\\/#website\"},\"primaryImageOfPage\":{\"@id\":\"https:\\\/\\\/www.ameco-group.com\\\/pt-br\\\/nossas-noticias\\\/grupo-ameco-lanca-seu-canal-no-youtube-para-mostrar-suas-instalacoes-de-manuseio-de-materiais\\\/#primaryimage\"},\"image\":{\"@id\":\"https:\\\/\\\/www.ameco-group.com\\\/pt-br\\\/nossas-noticias\\\/grupo-ameco-lanca-seu-canal-no-youtube-para-mostrar-suas-instalacoes-de-manuseio-de-materiais\\\/#primaryimage\"},\"thumbnailUrl\":\"https:\\\/\\\/www.ameco-group.com\\\/wp-inside\\\/uploads\\\/2019\\\/08\\\/screen-shot-2019-08-27-at-11.22.26-am.jpg\",\"datePublished\":\"2019-11-05T00:13:09+00:00\",\"breadcrumb\":{\"@id\":\"https:\\\/\\\/www.ameco-group.com\\\/pt-br\\\/nossas-noticias\\\/grupo-ameco-lanca-seu-canal-no-youtube-para-mostrar-suas-instalacoes-de-manuseio-de-materiais\\\/#breadcrumb\"},\"inLanguage\":\"pt-BR\",\"potentialAction\":[{\"@type\":\"ReadAction\",\"target\":[\"https:\\\/\\\/www.ameco-group.com\\\/pt-br\\\/nossas-noticias\\\/grupo-ameco-lanca-seu-canal-no-youtube-para-mostrar-suas-instalacoes-de-manuseio-de-materiais\\\/\"]}]},{\"@type\":\"ImageObject\",\"inLanguage\":\"pt-BR\",\"@id\":\"https:\\\/\\\/www.ameco-group.com\\\/pt-br\\\/nossas-noticias\\\/grupo-ameco-lanca-seu-canal-no-youtube-para-mostrar-suas-instalacoes-de-manuseio-de-materiais\\\/#primaryimage\",\"url\":\"https:\\\/\\\/www.ameco-group.com\\\/wp-inside\\\/uploads\\\/2019\\\/08\\\/screen-shot-2019-08-27-at-11.22.26-am.jpg\",\"contentUrl\":\"https:\\\/\\\/www.ameco-group.com\\\/wp-inside\\\/uploads\\\/2019\\\/08\\\/screen-shot-2019-08-27-at-11.22.26-am.jpg\",\"width\":2630,\"height\":1822},{\"@type\":\"BreadcrumbList\",\"@id\":\"https:\\\/\\\/www.ameco-group.com\\\/pt-br\\\/nossas-noticias\\\/grupo-ameco-lanca-seu-canal-no-youtube-para-mostrar-suas-instalacoes-de-manuseio-de-materiais\\\/#breadcrumb\",\"itemListElement\":[{\"@type\":\"ListItem\",\"position\":1,\"name\":\"Inicial\",\"item\":\"https:\\\/\\\/www.ameco-group.com\\\/pt-br\\\/\"},{\"@type\":\"ListItem\",\"position\":2,\"name\":\"Blog\",\"item\":\"https:\\\/\\\/www.ameco-group.com\\\/pt-br\\\/nossas-noticias\\\/\"},{\"@type\":\"ListItem\",\"position\":3,\"name\":\"Grupo AMECO lan\u00e7a seu canal no YouTube para mostrar suas instala\u00e7\u00f5es de manuseio de materiais\"}]},{\"@type\":\"WebSite\",\"@id\":\"https:\\\/\\\/www.ameco-group.com\\\/pt-br\\\/#website\",\"url\":\"https:\\\/\\\/www.ameco-group.com\\\/pt-br\\\/\",\"name\":\"AMECO Group\",\"description\":\"Stackers, Reclaimers, Blending Systems and Shiploaders\",\"publisher\":{\"@id\":\"https:\\\/\\\/www.ameco-group.com\\\/pt-br\\\/#organization\"},\"potentialAction\":[{\"@type\":\"SearchAction\",\"target\":{\"@type\":\"EntryPoint\",\"urlTemplate\":\"https:\\\/\\\/www.ameco-group.com\\\/pt-br\\\/?s={search_term_string}\"},\"query-input\":{\"@type\":\"PropertyValueSpecification\",\"valueRequired\":true,\"valueName\":\"search_term_string\"}}],\"inLanguage\":\"pt-BR\"},{\"@type\":\"Organization\",\"@id\":\"https:\\\/\\\/www.ameco-group.com\\\/pt-br\\\/#organization\",\"name\":\"Ameco\",\"url\":\"https:\\\/\\\/www.ameco-group.com\\\/pt-br\\\/\",\"logo\":{\"@type\":\"ImageObject\",\"inLanguage\":\"pt-BR\",\"@id\":\"https:\\\/\\\/www.ameco-group.com\\\/pt-br\\\/#\\\/schema\\\/logo\\\/image\\\/\",\"url\":\"https:\\\/\\\/www.ameco-group.com\\\/wp-inside\\\/uploads\\\/2022\\\/06\\\/ameco-logo.png\",\"contentUrl\":\"https:\\\/\\\/www.ameco-group.com\\\/wp-inside\\\/uploads\\\/2022\\\/06\\\/ameco-logo.png\",\"width\":500,\"height\":134,\"caption\":\"Ameco\"},\"image\":{\"@id\":\"https:\\\/\\\/www.ameco-group.com\\\/pt-br\\\/#\\\/schema\\\/logo\\\/image\\\/\"}},{\"@type\":\"Person\",\"@id\":\"https:\\\/\\\/www.ameco-group.com\\\/pt-br\\\/#\\\/schema\\\/person\\\/0ed9df337b03da59682ae67c6f6bbc0e\",\"name\":\"Alex Giess\",\"image\":{\"@type\":\"ImageObject\",\"inLanguage\":\"pt-BR\",\"@id\":\"https:\\\/\\\/secure.gravatar.com\\\/avatar\\\/49eb8a848768ea1bac8c749ab83d14c54448be263c3fd10922dcedaf7476be0d?s=96&d=mm&r=g\",\"url\":\"https:\\\/\\\/secure.gravatar.com\\\/avatar\\\/49eb8a848768ea1bac8c749ab83d14c54448be263c3fd10922dcedaf7476be0d?s=96&d=mm&r=g\",\"contentUrl\":\"https:\\\/\\\/secure.gravatar.com\\\/avatar\\\/49eb8a848768ea1bac8c749ab83d14c54448be263c3fd10922dcedaf7476be0d?s=96&d=mm&r=g\",\"caption\":\"Alex Giess\"},\"sameAs\":[\"http:\\\/\\\/www.ameco-group.com\"]}]}<\/script>\n<!-- \/ Yoast SEO plugin. -->","yoast_head_json":{"title":"Grupo AMECO lan\u00e7a seu canal no YouTube para mostrar suas instala\u00e7\u00f5es de manuseio de materiais","robots":{"index":"index","follow":"follow","max-snippet":"max-snippet:-1","max-image-preview":"max-image-preview:large","max-video-preview":"max-video-preview:-1"},"canonical":"https:\/\/www.ameco-group.com\/pt-br\/nossas-noticias\/grupo-ameco-lanca-seu-canal-no-youtube-para-mostrar-suas-instalacoes-de-manuseio-de-materiais\/","og_locale":"pt_BR","og_type":"article","og_title":"Grupo AMECO lan\u00e7a seu canal no YouTube para mostrar suas instala\u00e7\u00f5es de manuseio de materiais","og_description":"O Grupo AMECO lan\u00e7ou seu canal no YouTube para tornar muito mais f\u00e1cil a visualiza\u00e7\u00e3o de nossas instala\u00e7\u00f5es de carregadores [&hellip;]","og_url":"https:\/\/www.ameco-group.com\/pt-br\/nossas-noticias\/grupo-ameco-lanca-seu-canal-no-youtube-para-mostrar-suas-instalacoes-de-manuseio-de-materiais\/","og_site_name":"AMECO Group","article_published_time":"2019-11-05T00:13:09+00:00","og_image":[{"width":2630,"height":1822,"url":"https:\/\/www.ameco-group.com\/wp-inside\/uploads\/2019\/08\/screen-shot-2019-08-27-at-11.22.26-am.jpg","type":"image\/png"}],"author":"Alex Giess","twitter_card":"summary_large_image","twitter_misc":{"Escrito por":"Alex Giess","Est. tempo de leitura":"3 minutos"},"schema":{"@context":"https:\/\/schema.org","@graph":[{"@type":"Article","@id":"https:\/\/www.ameco-group.com\/pt-br\/nossas-noticias\/grupo-ameco-lanca-seu-canal-no-youtube-para-mostrar-suas-instalacoes-de-manuseio-de-materiais\/#article","isPartOf":{"@id":"https:\/\/www.ameco-group.com\/pt-br\/nossas-noticias\/grupo-ameco-lanca-seu-canal-no-youtube-para-mostrar-suas-instalacoes-de-manuseio-de-materiais\/"},"author":{"name":"Alex Giess","@id":"https:\/\/www.ameco-group.com\/pt-br\/#\/schema\/person\/0ed9df337b03da59682ae67c6f6bbc0e"},"headline":"Grupo AMECO lan\u00e7a seu canal no YouTube para mostrar suas instala\u00e7\u00f5es de manuseio de materiais","datePublished":"2019-11-05T00:13:09+00:00","mainEntityOfPage":{"@id":"https:\/\/www.ameco-group.com\/pt-br\/nossas-noticias\/grupo-ameco-lanca-seu-canal-no-youtube-para-mostrar-suas-instalacoes-de-manuseio-de-materiais\/"},"wordCount":622,"publisher":{"@id":"https:\/\/www.ameco-group.com\/pt-br\/#organization"},"image":{"@id":"https:\/\/www.ameco-group.com\/pt-br\/nossas-noticias\/grupo-ameco-lanca-seu-canal-no-youtube-para-mostrar-suas-instalacoes-de-manuseio-de-materiais\/#primaryimage"},"thumbnailUrl":"https:\/\/www.ameco-group.com\/wp-inside\/uploads\/2019\/08\/screen-shot-2019-08-27-at-11.22.26-am.jpg","articleSection":["Blog","Carregador de navio","Corporativo","Empilhadeira","Empilhadeira Recuperadora Circular (CSS)","Raspador Rotativo","Recuperadora de porta","Recuperadoras"],"inLanguage":"pt-BR"},{"@type":"WebPage","@id":"https:\/\/www.ameco-group.com\/pt-br\/nossas-noticias\/grupo-ameco-lanca-seu-canal-no-youtube-para-mostrar-suas-instalacoes-de-manuseio-de-materiais\/","url":"https:\/\/www.ameco-group.com\/pt-br\/nossas-noticias\/grupo-ameco-lanca-seu-canal-no-youtube-para-mostrar-suas-instalacoes-de-manuseio-de-materiais\/","name":"Grupo AMECO lan\u00e7a seu canal no YouTube para mostrar suas instala\u00e7\u00f5es de manuseio de materiais","isPartOf":{"@id":"https:\/\/www.ameco-group.com\/pt-br\/#website"},"primaryImageOfPage":{"@id":"https:\/\/www.ameco-group.com\/pt-br\/nossas-noticias\/grupo-ameco-lanca-seu-canal-no-youtube-para-mostrar-suas-instalacoes-de-manuseio-de-materiais\/#primaryimage"},"image":{"@id":"https:\/\/www.ameco-group.com\/pt-br\/nossas-noticias\/grupo-ameco-lanca-seu-canal-no-youtube-para-mostrar-suas-instalacoes-de-manuseio-de-materiais\/#primaryimage"},"thumbnailUrl":"https:\/\/www.ameco-group.com\/wp-inside\/uploads\/2019\/08\/screen-shot-2019-08-27-at-11.22.26-am.jpg","datePublished":"2019-11-05T00:13:09+00:00","breadcrumb":{"@id":"https:\/\/www.ameco-group.com\/pt-br\/nossas-noticias\/grupo-ameco-lanca-seu-canal-no-youtube-para-mostrar-suas-instalacoes-de-manuseio-de-materiais\/#breadcrumb"},"inLanguage":"pt-BR","potentialAction":[{"@type":"ReadAction","target":["https:\/\/www.ameco-group.com\/pt-br\/nossas-noticias\/grupo-ameco-lanca-seu-canal-no-youtube-para-mostrar-suas-instalacoes-de-manuseio-de-materiais\/"]}]},{"@type":"ImageObject","inLanguage":"pt-BR","@id":"https:\/\/www.ameco-group.com\/pt-br\/nossas-noticias\/grupo-ameco-lanca-seu-canal-no-youtube-para-mostrar-suas-instalacoes-de-manuseio-de-materiais\/#primaryimage","url":"https:\/\/www.ameco-group.com\/wp-inside\/uploads\/2019\/08\/screen-shot-2019-08-27-at-11.22.26-am.jpg","contentUrl":"https:\/\/www.ameco-group.com\/wp-inside\/uploads\/2019\/08\/screen-shot-2019-08-27-at-11.22.26-am.jpg","width":2630,"height":1822},{"@type":"BreadcrumbList","@id":"https:\/\/www.ameco-group.com\/pt-br\/nossas-noticias\/grupo-ameco-lanca-seu-canal-no-youtube-para-mostrar-suas-instalacoes-de-manuseio-de-materiais\/#breadcrumb","itemListElement":[{"@type":"ListItem","position":1,"name":"Inicial","item":"https:\/\/www.ameco-group.com\/pt-br\/"},{"@type":"ListItem","position":2,"name":"Blog","item":"https:\/\/www.ameco-group.com\/pt-br\/nossas-noticias\/"},{"@type":"ListItem","position":3,"name":"Grupo AMECO lan\u00e7a seu canal no YouTube para mostrar suas instala\u00e7\u00f5es de manuseio de materiais"}]},{"@type":"WebSite","@id":"https:\/\/www.ameco-group.com\/pt-br\/#website","url":"https:\/\/www.ameco-group.com\/pt-br\/","name":"AMECO Group","description":"Stackers, Reclaimers, Blending Systems and Shiploaders","publisher":{"@id":"https:\/\/www.ameco-group.com\/pt-br\/#organization"},"potentialAction":[{"@type":"SearchAction","target":{"@type":"EntryPoint","urlTemplate":"https:\/\/www.ameco-group.com\/pt-br\/?s={search_term_string}"},"query-input":{"@type":"PropertyValueSpecification","valueRequired":true,"valueName":"search_term_string"}}],"inLanguage":"pt-BR"},{"@type":"Organization","@id":"https:\/\/www.ameco-group.com\/pt-br\/#organization","name":"Ameco","url":"https:\/\/www.ameco-group.com\/pt-br\/","logo":{"@type":"ImageObject","inLanguage":"pt-BR","@id":"https:\/\/www.ameco-group.com\/pt-br\/#\/schema\/logo\/image\/","url":"https:\/\/www.ameco-group.com\/wp-inside\/uploads\/2022\/06\/ameco-logo.png","contentUrl":"https:\/\/www.ameco-group.com\/wp-inside\/uploads\/2022\/06\/ameco-logo.png","width":500,"height":134,"caption":"Ameco"},"image":{"@id":"https:\/\/www.ameco-group.com\/pt-br\/#\/schema\/logo\/image\/"}},{"@type":"Person","@id":"https:\/\/www.ameco-group.com\/pt-br\/#\/schema\/person\/0ed9df337b03da59682ae67c6f6bbc0e","name":"Alex Giess","image":{"@type":"ImageObject","inLanguage":"pt-BR","@id":"https:\/\/secure.gravatar.com\/avatar\/49eb8a848768ea1bac8c749ab83d14c54448be263c3fd10922dcedaf7476be0d?s=96&d=mm&r=g","url":"https:\/\/secure.gravatar.com\/avatar\/49eb8a848768ea1bac8c749ab83d14c54448be263c3fd10922dcedaf7476be0d?s=96&d=mm&r=g","contentUrl":"https:\/\/secure.gravatar.com\/avatar\/49eb8a848768ea1bac8c749ab83d14c54448be263c3fd10922dcedaf7476be0d?s=96&d=mm&r=g","caption":"Alex Giess"},"sameAs":["http:\/\/www.ameco-group.com"]}]}},"_links":{"self":[{"href":"https:\/\/www.ameco-group.com\/pt-br\/wp-json\/wp\/v2\/posts\/3656","targetHints":{"allow":["GET"]}}],"collection":[{"href":"https:\/\/www.ameco-group.com\/pt-br\/wp-json\/wp\/v2\/posts"}],"about":[{"href":"https:\/\/www.ameco-group.com\/pt-br\/wp-json\/wp\/v2\/types\/post"}],"author":[{"embeddable":true,"href":"https:\/\/www.ameco-group.com\/pt-br\/wp-json\/wp\/v2\/users\/3"}],"replies":[{"embeddable":true,"href":"https:\/\/www.ameco-group.com\/pt-br\/wp-json\/wp\/v2\/comments?post=3656"}],"version-history":[{"count":2,"href":"https:\/\/www.ameco-group.com\/pt-br\/wp-json\/wp\/v2\/posts\/3656\/revisions"}],"predecessor-version":[{"id":3659,"href":"https:\/\/www.ameco-group.com\/pt-br\/wp-json\/wp\/v2\/posts\/3656\/revisions\/3659"}],"wp:featuredmedia":[{"embeddable":true,"href":"https:\/\/www.ameco-group.com\/pt-br\/wp-json\/wp\/v2\/media\/3349"}],"wp:attachment":[{"href":"https:\/\/www.ameco-group.com\/pt-br\/wp-json\/wp\/v2\/media?parent=3656"}],"wp:term":[{"taxonomy":"category","embeddable":true,"href":"https:\/\/www.ameco-group.com\/pt-br\/wp-json\/wp\/v2\/categories?post=3656"},{"taxonomy":"post_tag","embeddable":true,"href":"https:\/\/www.ameco-group.com\/pt-br\/wp-json\/wp\/v2\/tags?post=3656"}],"curies":[{"name":"wp","href":"https:\/\/api.w.org\/{rel}","templated":true}]}}