{"id":3417,"date":"2018-10-25T11:35:43","date_gmt":"2018-10-25T09:35:43","guid":{"rendered":"https:\/\/www.ameco-group.com\/?p=3417"},"modified":"2019-09-09T11:39:02","modified_gmt":"2019-09-09T09:39:02","slug":"robusto-carregador-de-navios-usado-a-venda","status":"publish","type":"post","link":"https:\/\/www.ameco-group.com\/pt-br\/nossas-noticias\/robusto-carregador-de-navios-usado-a-venda\/","title":{"rendered":"Robusto Carregador de navios usado \u00e0 venda"},"content":{"rendered":"<p><img decoding=\"async\" src=\"https:\/\/www.ameco-group.com\/wp-inside\/uploads\/2018\/10\/img_1970-780x585.jpg\" alt=\"shiploader for coal\" class=\"size-w780\" \/><\/p>\n<p>Esta empresa norueguesa opera a mina mais setentrional do mundo na Noruega. A AMECO sempre foi particularmente orgulhosa deste projeto devido ao design robusto e \u00e0 prova de falhas de este carregador de navios para suportar as condi\u00e7\u00f5es clim\u00e1ticas polares nesta parte do mundo.<\/p>\n<p>Em 2017, o governo noruegu\u00eas decidiu parar permanentemente as atividades de minera\u00e7\u00e3o na \u00e1rea de Svea. A mesma deve ser liberada e todos os equipamentos ser\u00e3o vendidos em poucos anos.<\/p>\n<p>O carregador de navios da AMECO t\u00eam operado o manejo de 2000 toneladas de carv\u00e3o por hora, mas pode ser adaptado para qualquer tipo de material a granel seco. A manuten\u00e7\u00e3o sempre esteve em boas condi\u00e7\u00f5es, com inspe\u00e7\u00f5es regulares por parte da equipe t\u00e9cnica da AMECO.<\/p>\n<p>AMECO oferecer\u00e1 ao novo comprador de um pacote para o processo de desmontagem no local, envio para o destino final, <strong>remodela\u00e7\u00e3o e montagem\/comissionamento<\/strong>.<\/p>\n<p><em>Para mais informa\u00e7\u00f5es, por favor, entre em contato <a href=\"mailto:sales@ameco.eu.com\">sales@ameco.eu.com<\/a><\/em><\/p>\n<table width=\"460\">\n<tbody>\n<tr>\n<td width=\"151\"><strong>Ano de instala\u00e7\u00e3o<\/strong><\/td>\n<td width=\"227\"><strong>2001<\/strong><\/td>\n<\/tr>\n<tr>\n<td width=\"151\"><strong>Capacidade<\/strong><\/td>\n<td width=\"227\"><strong>2000 toneladas\/hour<\/strong><\/td>\n<\/tr>\n<tr>\n<td width=\"151\"><strong>V\u00e3o de trilhos<\/strong><\/td>\n<td width=\"227\"><strong>10 metros<\/strong><\/td>\n<\/tr>\n<tr>\n<td width=\"151\"><strong>Tamanho do navio<\/strong><\/td>\n<td width=\"227\"><strong>M\u00e1ximo 75.000 DWT<\/strong><\/td>\n<\/tr>\n<\/tbody>\n<\/table>\n\n\t\t<style type=\"text\/css\">\n\t\t\t#gallery-1 {\n\t\t\t\tmargin: auto;\n\t\t\t}\n\t\t\t#gallery-1 .gallery-item {\n\t\t\t\tfloat: left;\n\t\t\t\tmargin-top: 10px;\n\t\t\t\ttext-align: center;\n\t\t\t\twidth: 33%;\n\t\t\t}\n\t\t\t#gallery-1 img {\n\t\t\t\tborder: 2px solid #cfcfcf;\n\t\t\t}\n\t\t\t#gallery-1 .gallery-caption {\n\t\t\t\tmargin-left: 0;\n\t\t\t}\n\t\t\t\/* see gallery_shortcode() in wp-includes\/media.php *\/\n\t\t<\/style>\n\t\t<div id='gallery-1' class='gallery galleryid-3417 gallery-columns-3 gallery-size-medium'><dl class='gallery-item'>\n\t\t\t<dt class='gallery-icon landscape'>\n\t\t\t\t<a href='https:\/\/www.ameco-group.com\/wp-inside\/uploads\/2018\/10\/chargeur-complet.jpg'><img fetchpriority=\"high\" decoding=\"async\" width=\"300\" height=\"220\" src=\"https:\/\/www.ameco-group.com\/wp-inside\/uploads\/2018\/10\/chargeur-complet-300x220.jpg\" class=\"attachment-medium size-medium\" alt=\"\" aria-describedby=\"gallery-1-3124\" srcset=\"https:\/\/www.ameco-group.com\/wp-inside\/uploads\/2018\/10\/chargeur-complet-300x220.jpg 300w, https:\/\/www.ameco-group.com\/wp-inside\/uploads\/2018\/10\/chargeur-complet-768x563.jpg 768w, https:\/\/www.ameco-group.com\/wp-inside\/uploads\/2018\/10\/chargeur-complet-1024x750.jpg 1024w, https:\/\/www.ameco-group.com\/wp-inside\/uploads\/2018\/10\/chargeur-complet-320x234.jpg 320w, https:\/\/www.ameco-group.com\/wp-inside\/uploads\/2018\/10\/chargeur-complet-230x169.jpg 230w, https:\/\/www.ameco-group.com\/wp-inside\/uploads\/2018\/10\/chargeur-complet-780x572.jpg 780w, https:\/\/www.ameco-group.com\/wp-inside\/uploads\/2018\/10\/chargeur-complet-200x147.jpg 200w, https:\/\/www.ameco-group.com\/wp-inside\/uploads\/2018\/10\/chargeur-complet.jpg 1317w\" sizes=\"(max-width: 300px) 100vw, 300px\" \/><\/a>\n\t\t\t<\/dt>\n\t\t\t\t<dd class='wp-caption-text gallery-caption' id='gallery-1-3124'>\n\t\t\t\tAMECO Shiploader for coal in Sveagruva, Norway\n\t\t\t\t<\/dd><\/dl><dl class='gallery-item'>\n\t\t\t<dt class='gallery-icon landscape'>\n\t\t\t\t<a href='https:\/\/www.ameco-group.com\/wp-inside\/uploads\/2018\/10\/oversikt-lasteanlegg.jpg'><img decoding=\"async\" width=\"300\" height=\"199\" src=\"https:\/\/www.ameco-group.com\/wp-inside\/uploads\/2018\/10\/oversikt-lasteanlegg-300x199.jpg\" class=\"attachment-medium size-medium\" alt=\"\" srcset=\"https:\/\/www.ameco-group.com\/wp-inside\/uploads\/2018\/10\/oversikt-lasteanlegg-300x199.jpg 300w, https:\/\/www.ameco-group.com\/wp-inside\/uploads\/2018\/10\/oversikt-lasteanlegg-768x511.jpg 768w, https:\/\/www.ameco-group.com\/wp-inside\/uploads\/2018\/10\/oversikt-lasteanlegg-1024x681.jpg 1024w, https:\/\/www.ameco-group.com\/wp-inside\/uploads\/2018\/10\/oversikt-lasteanlegg-320x213.jpg 320w, https:\/\/www.ameco-group.com\/wp-inside\/uploads\/2018\/10\/oversikt-lasteanlegg-230x153.jpg 230w, https:\/\/www.ameco-group.com\/wp-inside\/uploads\/2018\/10\/oversikt-lasteanlegg-1502x999.jpg 1502w, https:\/\/www.ameco-group.com\/wp-inside\/uploads\/2018\/10\/oversikt-lasteanlegg-780x519.jpg 780w, https:\/\/www.ameco-group.com\/wp-inside\/uploads\/2018\/10\/oversikt-lasteanlegg-200x133.jpg 200w\" sizes=\"(max-width: 300px) 100vw, 300px\" \/><\/a>\n\t\t\t<\/dt><\/dl>\n\t\t\t<br style='clear: both' \/>\n\t\t<\/div>\n\n","protected":false},"excerpt":{"rendered":"<p>Esta empresa norueguesa opera a mina mais setentrional do mundo na Noruega. A AMECO sempre foi particularmente orgulhosa deste projeto [&hellip;]<\/p>\n","protected":false},"author":2,"featured_media":3188,"comment_status":"closed","ping_status":"closed","sticky":false,"template":"","format":"standard","meta":{"_acf_changed":false,"footnotes":""},"categories":[27,32],"tags":[],"class_list":["post-3417","post","type-post","status-publish","format-standard","has-post-thumbnail","hentry","category-nossas-noticias","category-carregador-de-navio","wp-sticky"],"acf":[],"yoast_head":"<!-- This site is optimized with the Yoast SEO plugin v27.4 - https:\/\/yoast.com\/product\/yoast-seo-wordpress\/ -->\n<title>Robusto Carregador de navios usado \u00e0 venda<\/title>\n<meta name=\"robots\" content=\"index, follow, max-snippet:-1, max-image-preview:large, max-video-preview:-1\" \/>\n<link rel=\"canonical\" href=\"https:\/\/www.ameco-group.com\/pt-br\/nossas-noticias\/robusto-carregador-de-navios-usado-a-venda\/\" \/>\n<meta property=\"og:locale\" content=\"pt_BR\" \/>\n<meta property=\"og:type\" content=\"article\" \/>\n<meta property=\"og:title\" content=\"Robusto Carregador de navios usado \u00e0 venda\" \/>\n<meta property=\"og:description\" content=\"Esta empresa norueguesa opera a mina mais setentrional do mundo na Noruega. A AMECO sempre foi particularmente orgulhosa deste projeto [&hellip;]\" \/>\n<meta property=\"og:url\" content=\"https:\/\/www.ameco-group.com\/pt-br\/nossas-noticias\/robusto-carregador-de-navios-usado-a-venda\/\" \/>\n<meta property=\"og:site_name\" content=\"AMECO Group\" \/>\n<meta property=\"article:published_time\" content=\"2018-10-25T09:35:43+00:00\" \/>\n<meta property=\"article:modified_time\" content=\"2019-09-09T09:39:02+00:00\" \/>\n<meta property=\"og:image\" content=\"https:\/\/www.ameco-group.com\/wp-inside\/uploads\/2018\/10\/img_1970.jpg\" \/>\n\t<meta property=\"og:image:width\" content=\"1024\" \/>\n\t<meta property=\"og:image:height\" content=\"768\" \/>\n\t<meta property=\"og:image:type\" content=\"image\/jpeg\" \/>\n<meta name=\"author\" content=\"Premi\u00e8re Place\" \/>\n<meta name=\"twitter:card\" content=\"summary_large_image\" \/>\n<meta name=\"twitter:label1\" content=\"Escrito por\" \/>\n\t<meta name=\"twitter:data1\" content=\"Premi\u00e8re Place\" \/>\n\t<meta name=\"twitter:label2\" content=\"Est. tempo de leitura\" \/>\n\t<meta name=\"twitter:data2\" content=\"1 minuto\" \/>\n<script type=\"application\/ld+json\" class=\"yoast-schema-graph\">{\"@context\":\"https:\\\/\\\/schema.org\",\"@graph\":[{\"@type\":\"Article\",\"@id\":\"https:\\\/\\\/www.ameco-group.com\\\/pt-br\\\/nossas-noticias\\\/robusto-carregador-de-navios-usado-a-venda\\\/#article\",\"isPartOf\":{\"@id\":\"https:\\\/\\\/www.ameco-group.com\\\/pt-br\\\/nossas-noticias\\\/robusto-carregador-de-navios-usado-a-venda\\\/\"},\"author\":{\"name\":\"Premi\u00e8re Place\",\"@id\":\"https:\\\/\\\/www.ameco-group.com\\\/pt-br\\\/#\\\/schema\\\/person\\\/7b5b079deeee9806e376f317d2487216\"},\"headline\":\"Robusto Carregador de navios usado \u00e0 venda\",\"datePublished\":\"2018-10-25T09:35:43+00:00\",\"dateModified\":\"2019-09-09T09:39:02+00:00\",\"mainEntityOfPage\":{\"@id\":\"https:\\\/\\\/www.ameco-group.com\\\/pt-br\\\/nossas-noticias\\\/robusto-carregador-de-navios-usado-a-venda\\\/\"},\"wordCount\":196,\"publisher\":{\"@id\":\"https:\\\/\\\/www.ameco-group.com\\\/pt-br\\\/#organization\"},\"image\":{\"@id\":\"https:\\\/\\\/www.ameco-group.com\\\/pt-br\\\/nossas-noticias\\\/robusto-carregador-de-navios-usado-a-venda\\\/#primaryimage\"},\"thumbnailUrl\":\"https:\\\/\\\/www.ameco-group.com\\\/wp-inside\\\/uploads\\\/2018\\\/10\\\/img_1970.jpg\",\"articleSection\":[\"Blog\",\"Carregador de navio\"],\"inLanguage\":\"pt-BR\"},{\"@type\":\"WebPage\",\"@id\":\"https:\\\/\\\/www.ameco-group.com\\\/pt-br\\\/nossas-noticias\\\/robusto-carregador-de-navios-usado-a-venda\\\/\",\"url\":\"https:\\\/\\\/www.ameco-group.com\\\/pt-br\\\/nossas-noticias\\\/robusto-carregador-de-navios-usado-a-venda\\\/\",\"name\":\"Robusto Carregador de navios usado \u00e0 venda\",\"isPartOf\":{\"@id\":\"https:\\\/\\\/www.ameco-group.com\\\/pt-br\\\/#website\"},\"primaryImageOfPage\":{\"@id\":\"https:\\\/\\\/www.ameco-group.com\\\/pt-br\\\/nossas-noticias\\\/robusto-carregador-de-navios-usado-a-venda\\\/#primaryimage\"},\"image\":{\"@id\":\"https:\\\/\\\/www.ameco-group.com\\\/pt-br\\\/nossas-noticias\\\/robusto-carregador-de-navios-usado-a-venda\\\/#primaryimage\"},\"thumbnailUrl\":\"https:\\\/\\\/www.ameco-group.com\\\/wp-inside\\\/uploads\\\/2018\\\/10\\\/img_1970.jpg\",\"datePublished\":\"2018-10-25T09:35:43+00:00\",\"dateModified\":\"2019-09-09T09:39:02+00:00\",\"breadcrumb\":{\"@id\":\"https:\\\/\\\/www.ameco-group.com\\\/pt-br\\\/nossas-noticias\\\/robusto-carregador-de-navios-usado-a-venda\\\/#breadcrumb\"},\"inLanguage\":\"pt-BR\",\"potentialAction\":[{\"@type\":\"ReadAction\",\"target\":[\"https:\\\/\\\/www.ameco-group.com\\\/pt-br\\\/nossas-noticias\\\/robusto-carregador-de-navios-usado-a-venda\\\/\"]}]},{\"@type\":\"ImageObject\",\"inLanguage\":\"pt-BR\",\"@id\":\"https:\\\/\\\/www.ameco-group.com\\\/pt-br\\\/nossas-noticias\\\/robusto-carregador-de-navios-usado-a-venda\\\/#primaryimage\",\"url\":\"https:\\\/\\\/www.ameco-group.com\\\/wp-inside\\\/uploads\\\/2018\\\/10\\\/img_1970.jpg\",\"contentUrl\":\"https:\\\/\\\/www.ameco-group.com\\\/wp-inside\\\/uploads\\\/2018\\\/10\\\/img_1970.jpg\",\"width\":1024,\"height\":768,\"caption\":\"AMECO Shiploader for coal in Svalbard, Norway\"},{\"@type\":\"BreadcrumbList\",\"@id\":\"https:\\\/\\\/www.ameco-group.com\\\/pt-br\\\/nossas-noticias\\\/robusto-carregador-de-navios-usado-a-venda\\\/#breadcrumb\",\"itemListElement\":[{\"@type\":\"ListItem\",\"position\":1,\"name\":\"Inicial\",\"item\":\"https:\\\/\\\/www.ameco-group.com\\\/pt-br\\\/\"},{\"@type\":\"ListItem\",\"position\":2,\"name\":\"Blog\",\"item\":\"https:\\\/\\\/www.ameco-group.com\\\/pt-br\\\/nossas-noticias\\\/\"},{\"@type\":\"ListItem\",\"position\":3,\"name\":\"Robusto Carregador de navios usado \u00e0 venda\"}]},{\"@type\":\"WebSite\",\"@id\":\"https:\\\/\\\/www.ameco-group.com\\\/pt-br\\\/#website\",\"url\":\"https:\\\/\\\/www.ameco-group.com\\\/pt-br\\\/\",\"name\":\"AMECO Group\",\"description\":\"Stackers, Reclaimers, Blending Systems and Shiploaders\",\"publisher\":{\"@id\":\"https:\\\/\\\/www.ameco-group.com\\\/pt-br\\\/#organization\"},\"potentialAction\":[{\"@type\":\"SearchAction\",\"target\":{\"@type\":\"EntryPoint\",\"urlTemplate\":\"https:\\\/\\\/www.ameco-group.com\\\/pt-br\\\/?s={search_term_string}\"},\"query-input\":{\"@type\":\"PropertyValueSpecification\",\"valueRequired\":true,\"valueName\":\"search_term_string\"}}],\"inLanguage\":\"pt-BR\"},{\"@type\":\"Organization\",\"@id\":\"https:\\\/\\\/www.ameco-group.com\\\/pt-br\\\/#organization\",\"name\":\"Ameco\",\"url\":\"https:\\\/\\\/www.ameco-group.com\\\/pt-br\\\/\",\"logo\":{\"@type\":\"ImageObject\",\"inLanguage\":\"pt-BR\",\"@id\":\"https:\\\/\\\/www.ameco-group.com\\\/pt-br\\\/#\\\/schema\\\/logo\\\/image\\\/\",\"url\":\"https:\\\/\\\/www.ameco-group.com\\\/wp-inside\\\/uploads\\\/2022\\\/06\\\/ameco-logo.png\",\"contentUrl\":\"https:\\\/\\\/www.ameco-group.com\\\/wp-inside\\\/uploads\\\/2022\\\/06\\\/ameco-logo.png\",\"width\":500,\"height\":134,\"caption\":\"Ameco\"},\"image\":{\"@id\":\"https:\\\/\\\/www.ameco-group.com\\\/pt-br\\\/#\\\/schema\\\/logo\\\/image\\\/\"}},{\"@type\":\"Person\",\"@id\":\"https:\\\/\\\/www.ameco-group.com\\\/pt-br\\\/#\\\/schema\\\/person\\\/7b5b079deeee9806e376f317d2487216\",\"name\":\"Premi\u00e8re Place\",\"image\":{\"@type\":\"ImageObject\",\"inLanguage\":\"pt-BR\",\"@id\":\"https:\\\/\\\/secure.gravatar.com\\\/avatar\\\/5091af20ac2a44cb521992f13fec8a09deb308a5b721983dec39b595a5302c6a?s=96&d=mm&r=g\",\"url\":\"https:\\\/\\\/secure.gravatar.com\\\/avatar\\\/5091af20ac2a44cb521992f13fec8a09deb308a5b721983dec39b595a5302c6a?s=96&d=mm&r=g\",\"contentUrl\":\"https:\\\/\\\/secure.gravatar.com\\\/avatar\\\/5091af20ac2a44cb521992f13fec8a09deb308a5b721983dec39b595a5302c6a?s=96&d=mm&r=g\",\"caption\":\"Premi\u00e8re Place\"}}]}<\/script>\n<!-- \/ Yoast SEO plugin. -->","yoast_head_json":{"title":"Robusto Carregador de navios usado \u00e0 venda","robots":{"index":"index","follow":"follow","max-snippet":"max-snippet:-1","max-image-preview":"max-image-preview:large","max-video-preview":"max-video-preview:-1"},"canonical":"https:\/\/www.ameco-group.com\/pt-br\/nossas-noticias\/robusto-carregador-de-navios-usado-a-venda\/","og_locale":"pt_BR","og_type":"article","og_title":"Robusto Carregador de navios usado \u00e0 venda","og_description":"Esta empresa norueguesa opera a mina mais setentrional do mundo na Noruega. A AMECO sempre foi particularmente orgulhosa deste projeto [&hellip;]","og_url":"https:\/\/www.ameco-group.com\/pt-br\/nossas-noticias\/robusto-carregador-de-navios-usado-a-venda\/","og_site_name":"AMECO Group","article_published_time":"2018-10-25T09:35:43+00:00","article_modified_time":"2019-09-09T09:39:02+00:00","og_image":[{"width":1024,"height":768,"url":"https:\/\/www.ameco-group.com\/wp-inside\/uploads\/2018\/10\/img_1970.jpg","type":"image\/jpeg"}],"author":"Premi\u00e8re Place","twitter_card":"summary_large_image","twitter_misc":{"Escrito por":"Premi\u00e8re Place","Est. tempo de leitura":"1 minuto"},"schema":{"@context":"https:\/\/schema.org","@graph":[{"@type":"Article","@id":"https:\/\/www.ameco-group.com\/pt-br\/nossas-noticias\/robusto-carregador-de-navios-usado-a-venda\/#article","isPartOf":{"@id":"https:\/\/www.ameco-group.com\/pt-br\/nossas-noticias\/robusto-carregador-de-navios-usado-a-venda\/"},"author":{"name":"Premi\u00e8re Place","@id":"https:\/\/www.ameco-group.com\/pt-br\/#\/schema\/person\/7b5b079deeee9806e376f317d2487216"},"headline":"Robusto Carregador de navios usado \u00e0 venda","datePublished":"2018-10-25T09:35:43+00:00","dateModified":"2019-09-09T09:39:02+00:00","mainEntityOfPage":{"@id":"https:\/\/www.ameco-group.com\/pt-br\/nossas-noticias\/robusto-carregador-de-navios-usado-a-venda\/"},"wordCount":196,"publisher":{"@id":"https:\/\/www.ameco-group.com\/pt-br\/#organization"},"image":{"@id":"https:\/\/www.ameco-group.com\/pt-br\/nossas-noticias\/robusto-carregador-de-navios-usado-a-venda\/#primaryimage"},"thumbnailUrl":"https:\/\/www.ameco-group.com\/wp-inside\/uploads\/2018\/10\/img_1970.jpg","articleSection":["Blog","Carregador de navio"],"inLanguage":"pt-BR"},{"@type":"WebPage","@id":"https:\/\/www.ameco-group.com\/pt-br\/nossas-noticias\/robusto-carregador-de-navios-usado-a-venda\/","url":"https:\/\/www.ameco-group.com\/pt-br\/nossas-noticias\/robusto-carregador-de-navios-usado-a-venda\/","name":"Robusto Carregador de navios usado \u00e0 venda","isPartOf":{"@id":"https:\/\/www.ameco-group.com\/pt-br\/#website"},"primaryImageOfPage":{"@id":"https:\/\/www.ameco-group.com\/pt-br\/nossas-noticias\/robusto-carregador-de-navios-usado-a-venda\/#primaryimage"},"image":{"@id":"https:\/\/www.ameco-group.com\/pt-br\/nossas-noticias\/robusto-carregador-de-navios-usado-a-venda\/#primaryimage"},"thumbnailUrl":"https:\/\/www.ameco-group.com\/wp-inside\/uploads\/2018\/10\/img_1970.jpg","datePublished":"2018-10-25T09:35:43+00:00","dateModified":"2019-09-09T09:39:02+00:00","breadcrumb":{"@id":"https:\/\/www.ameco-group.com\/pt-br\/nossas-noticias\/robusto-carregador-de-navios-usado-a-venda\/#breadcrumb"},"inLanguage":"pt-BR","potentialAction":[{"@type":"ReadAction","target":["https:\/\/www.ameco-group.com\/pt-br\/nossas-noticias\/robusto-carregador-de-navios-usado-a-venda\/"]}]},{"@type":"ImageObject","inLanguage":"pt-BR","@id":"https:\/\/www.ameco-group.com\/pt-br\/nossas-noticias\/robusto-carregador-de-navios-usado-a-venda\/#primaryimage","url":"https:\/\/www.ameco-group.com\/wp-inside\/uploads\/2018\/10\/img_1970.jpg","contentUrl":"https:\/\/www.ameco-group.com\/wp-inside\/uploads\/2018\/10\/img_1970.jpg","width":1024,"height":768,"caption":"AMECO Shiploader for coal in Svalbard, Norway"},{"@type":"BreadcrumbList","@id":"https:\/\/www.ameco-group.com\/pt-br\/nossas-noticias\/robusto-carregador-de-navios-usado-a-venda\/#breadcrumb","itemListElement":[{"@type":"ListItem","position":1,"name":"Inicial","item":"https:\/\/www.ameco-group.com\/pt-br\/"},{"@type":"ListItem","position":2,"name":"Blog","item":"https:\/\/www.ameco-group.com\/pt-br\/nossas-noticias\/"},{"@type":"ListItem","position":3,"name":"Robusto Carregador de navios usado \u00e0 venda"}]},{"@type":"WebSite","@id":"https:\/\/www.ameco-group.com\/pt-br\/#website","url":"https:\/\/www.ameco-group.com\/pt-br\/","name":"AMECO Group","description":"Stackers, Reclaimers, Blending Systems and Shiploaders","publisher":{"@id":"https:\/\/www.ameco-group.com\/pt-br\/#organization"},"potentialAction":[{"@type":"SearchAction","target":{"@type":"EntryPoint","urlTemplate":"https:\/\/www.ameco-group.com\/pt-br\/?s={search_term_string}"},"query-input":{"@type":"PropertyValueSpecification","valueRequired":true,"valueName":"search_term_string"}}],"inLanguage":"pt-BR"},{"@type":"Organization","@id":"https:\/\/www.ameco-group.com\/pt-br\/#organization","name":"Ameco","url":"https:\/\/www.ameco-group.com\/pt-br\/","logo":{"@type":"ImageObject","inLanguage":"pt-BR","@id":"https:\/\/www.ameco-group.com\/pt-br\/#\/schema\/logo\/image\/","url":"https:\/\/www.ameco-group.com\/wp-inside\/uploads\/2022\/06\/ameco-logo.png","contentUrl":"https:\/\/www.ameco-group.com\/wp-inside\/uploads\/2022\/06\/ameco-logo.png","width":500,"height":134,"caption":"Ameco"},"image":{"@id":"https:\/\/www.ameco-group.com\/pt-br\/#\/schema\/logo\/image\/"}},{"@type":"Person","@id":"https:\/\/www.ameco-group.com\/pt-br\/#\/schema\/person\/7b5b079deeee9806e376f317d2487216","name":"Premi\u00e8re Place","image":{"@type":"ImageObject","inLanguage":"pt-BR","@id":"https:\/\/secure.gravatar.com\/avatar\/5091af20ac2a44cb521992f13fec8a09deb308a5b721983dec39b595a5302c6a?s=96&d=mm&r=g","url":"https:\/\/secure.gravatar.com\/avatar\/5091af20ac2a44cb521992f13fec8a09deb308a5b721983dec39b595a5302c6a?s=96&d=mm&r=g","contentUrl":"https:\/\/secure.gravatar.com\/avatar\/5091af20ac2a44cb521992f13fec8a09deb308a5b721983dec39b595a5302c6a?s=96&d=mm&r=g","caption":"Premi\u00e8re Place"}}]}},"_links":{"self":[{"href":"https:\/\/www.ameco-group.com\/pt-br\/wp-json\/wp\/v2\/posts\/3417","targetHints":{"allow":["GET"]}}],"collection":[{"href":"https:\/\/www.ameco-group.com\/pt-br\/wp-json\/wp\/v2\/posts"}],"about":[{"href":"https:\/\/www.ameco-group.com\/pt-br\/wp-json\/wp\/v2\/types\/post"}],"author":[{"embeddable":true,"href":"https:\/\/www.ameco-group.com\/pt-br\/wp-json\/wp\/v2\/users\/2"}],"replies":[{"embeddable":true,"href":"https:\/\/www.ameco-group.com\/pt-br\/wp-json\/wp\/v2\/comments?post=3417"}],"version-history":[{"count":1,"href":"https:\/\/www.ameco-group.com\/pt-br\/wp-json\/wp\/v2\/posts\/3417\/revisions"}],"predecessor-version":[{"id":3418,"href":"https:\/\/www.ameco-group.com\/pt-br\/wp-json\/wp\/v2\/posts\/3417\/revisions\/3418"}],"wp:featuredmedia":[{"embeddable":true,"href":"https:\/\/www.ameco-group.com\/pt-br\/wp-json\/wp\/v2\/media\/3188"}],"wp:attachment":[{"href":"https:\/\/www.ameco-group.com\/pt-br\/wp-json\/wp\/v2\/media?parent=3417"}],"wp:term":[{"taxonomy":"category","embeddable":true,"href":"https:\/\/www.ameco-group.com\/pt-br\/wp-json\/wp\/v2\/categories?post=3417"},{"taxonomy":"post_tag","embeddable":true,"href":"https:\/\/www.ameco-group.com\/pt-br\/wp-json\/wp\/v2\/tags?post=3417"}],"curies":[{"name":"wp","href":"https:\/\/api.w.org\/{rel}","templated":true}]}}