{"id":2908,"date":"2019-07-08T23:43:29","date_gmt":"2019-07-08T21:43:29","guid":{"rendered":"https:\/\/www.ameco-group.com\/?p=2908"},"modified":"2022-05-19T01:35:03","modified_gmt":"2022-05-18T23:35:03","slug":"el-grupo-ameco-ha-lanzado-una-version-en-espanol-de-su-pagina-web","status":"publish","type":"post","link":"https:\/\/www.ameco-group.com\/es\/noticias\/el-grupo-ameco-ha-lanzado-una-version-en-espanol-de-su-pagina-web\/","title":{"rendered":"El grupo AMECO ha lanzado una versi\u00f3n en espa\u00f1ol de su p\u00e1gina web"},"content":{"rendered":"<p><span style=\"font-weight: 400;\"><strong>El grupo AMECO ha lanzado una versi\u00f3n en espa\u00f1ol de su p\u00e1gina web<\/strong> para hacer m\u00e1s f\u00e1cil que nunca para sus prospectos y socios de habla hispana el obtener informaci\u00f3n acerca de los productos y servicios de la empresa en su lengua materna, asi como de las referencias de negocios y las noticias m\u00e1s recientes.<\/span><\/p>\n<p><span style=\"font-weight: 400;\"><strong>En la p\u00e1gina web se puede encontrar informaci\u00f3n acerca de los cargadores de barcos, reclamadores y almacenes espec\u00edficamente dise\u00f1ados para las industrias de generaci\u00f3n de electricidad, cemento, pulpa y papel entre otras<\/strong>; los servicios de mantenimiento preventivo y las ofertas relacionadas con partes de repuesto del grupo AMECO.<\/span><\/p>\n<p><span style=\"font-weight: 400;\">Se puede visitar la p\u00e1gina en <\/span><a href=\"http:\/\/www.ameco-group.com\/es\"><span style=\"font-weight: 400;\">www.ameco-group.com\/es<\/span><\/a><span style=\"font-weight: 400;\"> o haciendo clic en las iniciales \u00abEs\u00bb ubicadas arriba a la derecha en la p\u00e1gina web principal del grupo AMECO,<\/span><a href=\"http:\/\/www.ameco-group.com\"> <span style=\"font-weight: 400;\">www.ameco-group.com<\/span><\/a><span style=\"font-weight: 400;\"> Adicionalmente, todas las secciones principales tales como\u00a0 \u00abIndustrias,\u00bb \u00abProductos,\u00bb \u00abReferencias,\u00bb \u00abServicios\u00bb, y \u00abAcerca de nosotros\u00bb han sido traducidas al espa\u00f1ol.<\/span><\/p>\n<div id=\"attachment_2910\" class=\"wp-caption aligncenter\" style=\"width:100%;max-width:538px\"><a href=\"https:\/\/www.ameco-group.com\/es\/\"><img decoding=\"async\" src=\"https:\/\/www.ameco-group.com\/wp-inside\/uploads\/2019\/07\/screen-shot-2019-07-08-at-1.18.31-pm-538x1024.png\" alt=\"versi\u00f3n en espa\u00f1ol de su p\u00e1gina web \" class=\"size-large\" \/><\/a><p class=\"wp-caption-text\">Versi\u00f3n en espa\u00f1ol de su p\u00e1gina web<\/p><\/div>\n<p>&nbsp;<\/p>\n<h2>Creciente presencia en Am\u00e9rica Latina<\/h2>\n<p><span style=\"font-weight: 400;\">El grupo AMECO has estado muy activo en Am\u00e9rica Latina recientemente con la <a href=\"https:\/\/www.ameco-group.com\/es\/noticias\/reclamador-supera-el-desafio-del-bagazo-como-recurso-de-energia-renovable\/\">instalaci\u00f3n de un reclamador en la Rep\u00fablica Dominicana<\/a>.<\/span><\/p>\n<div id=\"attachment_1123\" class=\"wp-caption aligncenter\" style=\"width:100%;max-width:1024px\"><a href=\"https:\/\/www.ameco-group.com\/news\/ameco-reclaimer-tackles-renewable-energy-resource-bagasse-challenge-in-the-dominican-republic\/\"><img decoding=\"async\" src=\"https:\/\/www.ameco-group.com\/wp-inside\/uploads\/2018\/10\/reclaimer-tackles--1024x683.jpg\" alt=\"bagasse reclaimer\" class=\"size-large\" \/><\/a><p class=\"wp-caption-text\">Recuperador de bagazo hecho a la medida por AMECO Group para el Sistema El\u00e9ctrico Interconectado Nacional de Rep\u00fablica Dominicana (SENI)<\/p><\/div>\n<p><span style=\"font-weight: 400;\">\u00abHemos tenido la disponibilidad de atender a nuestros prospectos y brindar apoyo en espa\u00f1ol a nuestros clientes existentes gracias a nuestros socios locales y a los representantes exclusivos en Am\u00e9rica Latina\u00bb declar\u00f3 Stephane Killian, el CEO de AMECO Group. \u201cCreemos que esta nueva versi\u00f3n en espa\u00f1ol de nuestra p\u00e1gina web ser\u00e1 muy \u00fatil para atender las necesidades de nuestros prospectos de habla hispana en b\u00fasqueda de informaci\u00f3n acerca de nuestra empresa.\u00bb<\/span><\/p>\n<p><span style=\"font-weight: 400;\">\u00a0<\/span><\/p>\n<h2><b>Acerca de AMECO Group<\/b><\/h2>\n<p><span style=\"font-weight: 400;\">AMECO Group, establecido en Illfurth, Francia, dise\u00f1a y construye equipos especiales para el manejo de materiales a granel destinados a clientes exigentes alrededor del mundo. <\/span><span style=\"font-weight: 400;\">Desde 1932, AMECO ha ofrecido una completa l\u00ednea de apiladores, reclamadores, cargadores de barcos y sistemas de mezclado para manejar todo tipo de materiales a granel. <\/span><\/p>\n<p><span style=\"font-weight: 400;\">Nuestro personal dise\u00f1a las maquinarias de acuerdo con las especificaciones de cada cliente y luego hace seguimiento a la fabricaci\u00f3n, monitoreo y ensamblaje en sitio de las mismas. Proveemos adem\u00e1s partes de repuesto de alta calidad y expertos en soporte de mantenimiento a lo largo de la vida \u00fatil de las maquinarias, ya sea de forma remota o directamente en campo. <\/span><\/p>\n<p><span style=\"font-weight: 400;\">AMECO posee m\u00e1s de 300 referencias en todos los continentes, en industrias que incluyen la qu\u00edmica, petroqu\u00edmica, miner\u00eda, pulpa y papel, cemento, generaci\u00f3n de electricidad y co-generaci\u00f3n, al tiempo que nuestros cargadores de barcos manejan material a granel en los grandes puertos y bah\u00edas de todo el mundo.\u00a0<\/span><\/p>\n<p>&nbsp;<\/p>\n<h2><b>Contacto<\/b><\/h2>\n<ul>\n<li><strong style=\"font-size: inherit;\">Ventas \/ Partes de repuesto: <a>LATAMsales@ameco-group.com<\/a><\/strong><\/li>\n<\/ul>\n<h4><\/h4>\n<h2><strong>Sigue a Grupo AMECO en:<\/strong><\/h2>\n<ul>\n<li><a href=\"https:\/\/www.linkedin.com\/company\/ameco-group\"><span style=\"font-weight: 400;\">LinkedIn<\/span><\/a><\/li>\n<li><a href=\"https:\/\/twitter.com\/GroupAmeco\"> <span style=\"font-weight: 400;\">Twitter<\/span><\/a><\/li>\n<li><a href=\"https:\/\/www.facebook.com\/AMECOgroup\/\"><span style=\"font-weight: 400;\">Facebook<\/span><\/a><\/li>\n<li><a href=\"https:\/\/www.youtube.com\/channel\/UCivRRUmsEEWKS_hbyBf32RQ\/featured\"><span style=\"font-weight: 400;\">YouTube<\/span><\/a><\/li>\n<li><span style=\"font-weight: 400;\">&#8230;.y por supuesto en nuestro <\/span><a href=\"https:\/\/www.ameco-group.com\/es\/noticias\/\"><span style=\"font-weight: 400;\">blog<\/span><\/a><\/li>\n<\/ul>\n","protected":false},"excerpt":{"rendered":"<p>El grupo AMECO ha lanzado una versi\u00f3n en espa\u00f1ol de su p\u00e1gina web para hacer m\u00e1s f\u00e1cil que nunca para [&hellip;]<\/p>\n","protected":false},"author":3,"featured_media":2911,"comment_status":"closed","ping_status":"closed","sticky":false,"template":"","format":"standard","meta":{"_acf_changed":false,"footnotes":""},"categories":[4,23],"tags":[],"class_list":["post-2908","post","type-post","status-publish","format-standard","has-post-thumbnail","hentry","category-noticias","category-corporativa","wp-sticky"],"acf":[],"yoast_head":"<!-- This site is optimized with the Yoast SEO plugin v27.4 - https:\/\/yoast.com\/product\/yoast-seo-wordpress\/ -->\n<title>AMECO en espa\u00f1ol, manejo de materiales a granel y log\u00edstica.<\/title>\n<meta name=\"description\" content=\"AMECO en Espa\u00f1ol, capacidad de ingenier\u00eda portuaria, carga de graneles, solidos del puerto, instalaciones portuarias, carga de materiales.\" \/>\n<meta name=\"robots\" content=\"index, follow, max-snippet:-1, max-image-preview:large, max-video-preview:-1\" \/>\n<link rel=\"canonical\" href=\"https:\/\/www.ameco-group.com\/es\/noticias\/el-grupo-ameco-ha-lanzado-una-version-en-espanol-de-su-pagina-web\/\" \/>\n<meta property=\"og:locale\" content=\"es_ES\" \/>\n<meta property=\"og:type\" content=\"article\" \/>\n<meta property=\"og:title\" content=\"AMECO en espa\u00f1ol, manejo de materiales a granel y log\u00edstica.\" \/>\n<meta property=\"og:description\" content=\"AMECO en Espa\u00f1ol, capacidad de ingenier\u00eda portuaria, carga de graneles, solidos del puerto, instalaciones portuarias, carga de materiales.\" \/>\n<meta property=\"og:url\" content=\"https:\/\/www.ameco-group.com\/es\/noticias\/el-grupo-ameco-ha-lanzado-una-version-en-espanol-de-su-pagina-web\/\" \/>\n<meta property=\"og:site_name\" content=\"AMECO Group\" \/>\n<meta property=\"article:published_time\" content=\"2019-07-08T21:43:29+00:00\" \/>\n<meta property=\"article:modified_time\" content=\"2022-05-18T23:35:03+00:00\" \/>\n<meta property=\"og:image\" content=\"https:\/\/www.ameco-group.com\/wp-inside\/uploads\/2019\/07\/screen-shot-2019-07-08-at-1.18.31-pm.jpg\" \/>\n\t<meta property=\"og:image:width\" content=\"952\" \/>\n\t<meta property=\"og:image:height\" content=\"1812\" \/>\n\t<meta property=\"og:image:type\" content=\"image\/png\" \/>\n<meta name=\"author\" content=\"Alex Giess\" \/>\n<meta name=\"twitter:card\" content=\"summary_large_image\" \/>\n<meta name=\"twitter:label1\" content=\"Escrito por\" \/>\n\t<meta name=\"twitter:data1\" content=\"Alex Giess\" \/>\n\t<meta name=\"twitter:label2\" content=\"Tiempo de lectura\" \/>\n\t<meta name=\"twitter:data2\" content=\"3 minutos\" \/>\n<script type=\"application\/ld+json\" class=\"yoast-schema-graph\">{\"@context\":\"https:\\\/\\\/schema.org\",\"@graph\":[{\"@type\":\"Article\",\"@id\":\"https:\\\/\\\/www.ameco-group.com\\\/es\\\/noticias\\\/el-grupo-ameco-ha-lanzado-una-version-en-espanol-de-su-pagina-web\\\/#article\",\"isPartOf\":{\"@id\":\"https:\\\/\\\/www.ameco-group.com\\\/es\\\/noticias\\\/el-grupo-ameco-ha-lanzado-una-version-en-espanol-de-su-pagina-web\\\/\"},\"author\":{\"name\":\"Alex Giess\",\"@id\":\"https:\\\/\\\/www.ameco-group.com\\\/es\\\/#\\\/schema\\\/person\\\/0ed9df337b03da59682ae67c6f6bbc0e\"},\"headline\":\"El grupo AMECO ha lanzado una versi\u00f3n en espa\u00f1ol de su p\u00e1gina web\",\"datePublished\":\"2019-07-08T21:43:29+00:00\",\"dateModified\":\"2022-05-18T23:35:03+00:00\",\"mainEntityOfPage\":{\"@id\":\"https:\\\/\\\/www.ameco-group.com\\\/es\\\/noticias\\\/el-grupo-ameco-ha-lanzado-una-version-en-espanol-de-su-pagina-web\\\/\"},\"wordCount\":540,\"publisher\":{\"@id\":\"https:\\\/\\\/www.ameco-group.com\\\/es\\\/#organization\"},\"image\":{\"@id\":\"https:\\\/\\\/www.ameco-group.com\\\/es\\\/noticias\\\/el-grupo-ameco-ha-lanzado-una-version-en-espanol-de-su-pagina-web\\\/#primaryimage\"},\"thumbnailUrl\":\"https:\\\/\\\/www.ameco-group.com\\\/wp-inside\\\/uploads\\\/2019\\\/07\\\/screen-shot-2019-07-08-at-1.18.31-pm.jpg\",\"articleSection\":[\"Blog\",\"Corporativa\"],\"inLanguage\":\"es\"},{\"@type\":\"WebPage\",\"@id\":\"https:\\\/\\\/www.ameco-group.com\\\/es\\\/noticias\\\/el-grupo-ameco-ha-lanzado-una-version-en-espanol-de-su-pagina-web\\\/\",\"url\":\"https:\\\/\\\/www.ameco-group.com\\\/es\\\/noticias\\\/el-grupo-ameco-ha-lanzado-una-version-en-espanol-de-su-pagina-web\\\/\",\"name\":\"AMECO en espa\u00f1ol, manejo de materiales a granel y log\u00edstica.\",\"isPartOf\":{\"@id\":\"https:\\\/\\\/www.ameco-group.com\\\/es\\\/#website\"},\"primaryImageOfPage\":{\"@id\":\"https:\\\/\\\/www.ameco-group.com\\\/es\\\/noticias\\\/el-grupo-ameco-ha-lanzado-una-version-en-espanol-de-su-pagina-web\\\/#primaryimage\"},\"image\":{\"@id\":\"https:\\\/\\\/www.ameco-group.com\\\/es\\\/noticias\\\/el-grupo-ameco-ha-lanzado-una-version-en-espanol-de-su-pagina-web\\\/#primaryimage\"},\"thumbnailUrl\":\"https:\\\/\\\/www.ameco-group.com\\\/wp-inside\\\/uploads\\\/2019\\\/07\\\/screen-shot-2019-07-08-at-1.18.31-pm.jpg\",\"datePublished\":\"2019-07-08T21:43:29+00:00\",\"dateModified\":\"2022-05-18T23:35:03+00:00\",\"description\":\"AMECO en Espa\u00f1ol, capacidad de ingenier\u00eda portuaria, carga de graneles, solidos del puerto, instalaciones portuarias, carga de materiales.\",\"breadcrumb\":{\"@id\":\"https:\\\/\\\/www.ameco-group.com\\\/es\\\/noticias\\\/el-grupo-ameco-ha-lanzado-una-version-en-espanol-de-su-pagina-web\\\/#breadcrumb\"},\"inLanguage\":\"es\",\"potentialAction\":[{\"@type\":\"ReadAction\",\"target\":[\"https:\\\/\\\/www.ameco-group.com\\\/es\\\/noticias\\\/el-grupo-ameco-ha-lanzado-una-version-en-espanol-de-su-pagina-web\\\/\"]}]},{\"@type\":\"ImageObject\",\"inLanguage\":\"es\",\"@id\":\"https:\\\/\\\/www.ameco-group.com\\\/es\\\/noticias\\\/el-grupo-ameco-ha-lanzado-una-version-en-espanol-de-su-pagina-web\\\/#primaryimage\",\"url\":\"https:\\\/\\\/www.ameco-group.com\\\/wp-inside\\\/uploads\\\/2019\\\/07\\\/screen-shot-2019-07-08-at-1.18.31-pm.jpg\",\"contentUrl\":\"https:\\\/\\\/www.ameco-group.com\\\/wp-inside\\\/uploads\\\/2019\\\/07\\\/screen-shot-2019-07-08-at-1.18.31-pm.jpg\",\"width\":952,\"height\":1812,\"caption\":\"Versi\u00f3n en espa\u00f1ol de su p\u00e1gina web\"},{\"@type\":\"BreadcrumbList\",\"@id\":\"https:\\\/\\\/www.ameco-group.com\\\/es\\\/noticias\\\/el-grupo-ameco-ha-lanzado-una-version-en-espanol-de-su-pagina-web\\\/#breadcrumb\",\"itemListElement\":[{\"@type\":\"ListItem\",\"position\":1,\"name\":\"Inicio\",\"item\":\"https:\\\/\\\/www.ameco-group.com\\\/es\\\/\"},{\"@type\":\"ListItem\",\"position\":2,\"name\":\"Blog\",\"item\":\"https:\\\/\\\/www.ameco-group.com\\\/es\\\/noticias\\\/\"},{\"@type\":\"ListItem\",\"position\":3,\"name\":\"El grupo AMECO ha lanzado una versi\u00f3n en espa\u00f1ol de su p\u00e1gina web\"}]},{\"@type\":\"WebSite\",\"@id\":\"https:\\\/\\\/www.ameco-group.com\\\/es\\\/#website\",\"url\":\"https:\\\/\\\/www.ameco-group.com\\\/es\\\/\",\"name\":\"AMECO Group\",\"description\":\"Stackers, Reclaimers, Blending Systems and Shiploaders\",\"publisher\":{\"@id\":\"https:\\\/\\\/www.ameco-group.com\\\/es\\\/#organization\"},\"potentialAction\":[{\"@type\":\"SearchAction\",\"target\":{\"@type\":\"EntryPoint\",\"urlTemplate\":\"https:\\\/\\\/www.ameco-group.com\\\/es\\\/?s={search_term_string}\"},\"query-input\":{\"@type\":\"PropertyValueSpecification\",\"valueRequired\":true,\"valueName\":\"search_term_string\"}}],\"inLanguage\":\"es\"},{\"@type\":\"Organization\",\"@id\":\"https:\\\/\\\/www.ameco-group.com\\\/es\\\/#organization\",\"name\":\"Ameco\",\"url\":\"https:\\\/\\\/www.ameco-group.com\\\/es\\\/\",\"logo\":{\"@type\":\"ImageObject\",\"inLanguage\":\"es\",\"@id\":\"https:\\\/\\\/www.ameco-group.com\\\/es\\\/#\\\/schema\\\/logo\\\/image\\\/\",\"url\":\"https:\\\/\\\/www.ameco-group.com\\\/wp-inside\\\/uploads\\\/2022\\\/06\\\/ameco-logo.png\",\"contentUrl\":\"https:\\\/\\\/www.ameco-group.com\\\/wp-inside\\\/uploads\\\/2022\\\/06\\\/ameco-logo.png\",\"width\":500,\"height\":134,\"caption\":\"Ameco\"},\"image\":{\"@id\":\"https:\\\/\\\/www.ameco-group.com\\\/es\\\/#\\\/schema\\\/logo\\\/image\\\/\"}},{\"@type\":\"Person\",\"@id\":\"https:\\\/\\\/www.ameco-group.com\\\/es\\\/#\\\/schema\\\/person\\\/0ed9df337b03da59682ae67c6f6bbc0e\",\"name\":\"Alex Giess\",\"image\":{\"@type\":\"ImageObject\",\"inLanguage\":\"es\",\"@id\":\"https:\\\/\\\/secure.gravatar.com\\\/avatar\\\/49eb8a848768ea1bac8c749ab83d14c54448be263c3fd10922dcedaf7476be0d?s=96&d=mm&r=g\",\"url\":\"https:\\\/\\\/secure.gravatar.com\\\/avatar\\\/49eb8a848768ea1bac8c749ab83d14c54448be263c3fd10922dcedaf7476be0d?s=96&d=mm&r=g\",\"contentUrl\":\"https:\\\/\\\/secure.gravatar.com\\\/avatar\\\/49eb8a848768ea1bac8c749ab83d14c54448be263c3fd10922dcedaf7476be0d?s=96&d=mm&r=g\",\"caption\":\"Alex Giess\"},\"sameAs\":[\"http:\\\/\\\/www.ameco-group.com\"]}]}<\/script>\n<!-- \/ Yoast SEO plugin. -->","yoast_head_json":{"title":"AMECO en espa\u00f1ol, manejo de materiales a granel y log\u00edstica.","description":"AMECO en Espa\u00f1ol, capacidad de ingenier\u00eda portuaria, carga de graneles, solidos del puerto, instalaciones portuarias, carga de materiales.","robots":{"index":"index","follow":"follow","max-snippet":"max-snippet:-1","max-image-preview":"max-image-preview:large","max-video-preview":"max-video-preview:-1"},"canonical":"https:\/\/www.ameco-group.com\/es\/noticias\/el-grupo-ameco-ha-lanzado-una-version-en-espanol-de-su-pagina-web\/","og_locale":"es_ES","og_type":"article","og_title":"AMECO en espa\u00f1ol, manejo de materiales a granel y log\u00edstica.","og_description":"AMECO en Espa\u00f1ol, capacidad de ingenier\u00eda portuaria, carga de graneles, solidos del puerto, instalaciones portuarias, carga de materiales.","og_url":"https:\/\/www.ameco-group.com\/es\/noticias\/el-grupo-ameco-ha-lanzado-una-version-en-espanol-de-su-pagina-web\/","og_site_name":"AMECO Group","article_published_time":"2019-07-08T21:43:29+00:00","article_modified_time":"2022-05-18T23:35:03+00:00","og_image":[{"width":952,"height":1812,"url":"https:\/\/www.ameco-group.com\/wp-inside\/uploads\/2019\/07\/screen-shot-2019-07-08-at-1.18.31-pm.jpg","type":"image\/png"}],"author":"Alex Giess","twitter_card":"summary_large_image","twitter_misc":{"Escrito por":"Alex Giess","Tiempo de lectura":"3 minutos"},"schema":{"@context":"https:\/\/schema.org","@graph":[{"@type":"Article","@id":"https:\/\/www.ameco-group.com\/es\/noticias\/el-grupo-ameco-ha-lanzado-una-version-en-espanol-de-su-pagina-web\/#article","isPartOf":{"@id":"https:\/\/www.ameco-group.com\/es\/noticias\/el-grupo-ameco-ha-lanzado-una-version-en-espanol-de-su-pagina-web\/"},"author":{"name":"Alex Giess","@id":"https:\/\/www.ameco-group.com\/es\/#\/schema\/person\/0ed9df337b03da59682ae67c6f6bbc0e"},"headline":"El grupo AMECO ha lanzado una versi\u00f3n en espa\u00f1ol de su p\u00e1gina web","datePublished":"2019-07-08T21:43:29+00:00","dateModified":"2022-05-18T23:35:03+00:00","mainEntityOfPage":{"@id":"https:\/\/www.ameco-group.com\/es\/noticias\/el-grupo-ameco-ha-lanzado-una-version-en-espanol-de-su-pagina-web\/"},"wordCount":540,"publisher":{"@id":"https:\/\/www.ameco-group.com\/es\/#organization"},"image":{"@id":"https:\/\/www.ameco-group.com\/es\/noticias\/el-grupo-ameco-ha-lanzado-una-version-en-espanol-de-su-pagina-web\/#primaryimage"},"thumbnailUrl":"https:\/\/www.ameco-group.com\/wp-inside\/uploads\/2019\/07\/screen-shot-2019-07-08-at-1.18.31-pm.jpg","articleSection":["Blog","Corporativa"],"inLanguage":"es"},{"@type":"WebPage","@id":"https:\/\/www.ameco-group.com\/es\/noticias\/el-grupo-ameco-ha-lanzado-una-version-en-espanol-de-su-pagina-web\/","url":"https:\/\/www.ameco-group.com\/es\/noticias\/el-grupo-ameco-ha-lanzado-una-version-en-espanol-de-su-pagina-web\/","name":"AMECO en espa\u00f1ol, manejo de materiales a granel y log\u00edstica.","isPartOf":{"@id":"https:\/\/www.ameco-group.com\/es\/#website"},"primaryImageOfPage":{"@id":"https:\/\/www.ameco-group.com\/es\/noticias\/el-grupo-ameco-ha-lanzado-una-version-en-espanol-de-su-pagina-web\/#primaryimage"},"image":{"@id":"https:\/\/www.ameco-group.com\/es\/noticias\/el-grupo-ameco-ha-lanzado-una-version-en-espanol-de-su-pagina-web\/#primaryimage"},"thumbnailUrl":"https:\/\/www.ameco-group.com\/wp-inside\/uploads\/2019\/07\/screen-shot-2019-07-08-at-1.18.31-pm.jpg","datePublished":"2019-07-08T21:43:29+00:00","dateModified":"2022-05-18T23:35:03+00:00","description":"AMECO en Espa\u00f1ol, capacidad de ingenier\u00eda portuaria, carga de graneles, solidos del puerto, instalaciones portuarias, carga de materiales.","breadcrumb":{"@id":"https:\/\/www.ameco-group.com\/es\/noticias\/el-grupo-ameco-ha-lanzado-una-version-en-espanol-de-su-pagina-web\/#breadcrumb"},"inLanguage":"es","potentialAction":[{"@type":"ReadAction","target":["https:\/\/www.ameco-group.com\/es\/noticias\/el-grupo-ameco-ha-lanzado-una-version-en-espanol-de-su-pagina-web\/"]}]},{"@type":"ImageObject","inLanguage":"es","@id":"https:\/\/www.ameco-group.com\/es\/noticias\/el-grupo-ameco-ha-lanzado-una-version-en-espanol-de-su-pagina-web\/#primaryimage","url":"https:\/\/www.ameco-group.com\/wp-inside\/uploads\/2019\/07\/screen-shot-2019-07-08-at-1.18.31-pm.jpg","contentUrl":"https:\/\/www.ameco-group.com\/wp-inside\/uploads\/2019\/07\/screen-shot-2019-07-08-at-1.18.31-pm.jpg","width":952,"height":1812,"caption":"Versi\u00f3n en espa\u00f1ol de su p\u00e1gina web"},{"@type":"BreadcrumbList","@id":"https:\/\/www.ameco-group.com\/es\/noticias\/el-grupo-ameco-ha-lanzado-una-version-en-espanol-de-su-pagina-web\/#breadcrumb","itemListElement":[{"@type":"ListItem","position":1,"name":"Inicio","item":"https:\/\/www.ameco-group.com\/es\/"},{"@type":"ListItem","position":2,"name":"Blog","item":"https:\/\/www.ameco-group.com\/es\/noticias\/"},{"@type":"ListItem","position":3,"name":"El grupo AMECO ha lanzado una versi\u00f3n en espa\u00f1ol de su p\u00e1gina web"}]},{"@type":"WebSite","@id":"https:\/\/www.ameco-group.com\/es\/#website","url":"https:\/\/www.ameco-group.com\/es\/","name":"AMECO Group","description":"Stackers, Reclaimers, Blending Systems and Shiploaders","publisher":{"@id":"https:\/\/www.ameco-group.com\/es\/#organization"},"potentialAction":[{"@type":"SearchAction","target":{"@type":"EntryPoint","urlTemplate":"https:\/\/www.ameco-group.com\/es\/?s={search_term_string}"},"query-input":{"@type":"PropertyValueSpecification","valueRequired":true,"valueName":"search_term_string"}}],"inLanguage":"es"},{"@type":"Organization","@id":"https:\/\/www.ameco-group.com\/es\/#organization","name":"Ameco","url":"https:\/\/www.ameco-group.com\/es\/","logo":{"@type":"ImageObject","inLanguage":"es","@id":"https:\/\/www.ameco-group.com\/es\/#\/schema\/logo\/image\/","url":"https:\/\/www.ameco-group.com\/wp-inside\/uploads\/2022\/06\/ameco-logo.png","contentUrl":"https:\/\/www.ameco-group.com\/wp-inside\/uploads\/2022\/06\/ameco-logo.png","width":500,"height":134,"caption":"Ameco"},"image":{"@id":"https:\/\/www.ameco-group.com\/es\/#\/schema\/logo\/image\/"}},{"@type":"Person","@id":"https:\/\/www.ameco-group.com\/es\/#\/schema\/person\/0ed9df337b03da59682ae67c6f6bbc0e","name":"Alex Giess","image":{"@type":"ImageObject","inLanguage":"es","@id":"https:\/\/secure.gravatar.com\/avatar\/49eb8a848768ea1bac8c749ab83d14c54448be263c3fd10922dcedaf7476be0d?s=96&d=mm&r=g","url":"https:\/\/secure.gravatar.com\/avatar\/49eb8a848768ea1bac8c749ab83d14c54448be263c3fd10922dcedaf7476be0d?s=96&d=mm&r=g","contentUrl":"https:\/\/secure.gravatar.com\/avatar\/49eb8a848768ea1bac8c749ab83d14c54448be263c3fd10922dcedaf7476be0d?s=96&d=mm&r=g","caption":"Alex Giess"},"sameAs":["http:\/\/www.ameco-group.com"]}]}},"_links":{"self":[{"href":"https:\/\/www.ameco-group.com\/es\/wp-json\/wp\/v2\/posts\/2908","targetHints":{"allow":["GET"]}}],"collection":[{"href":"https:\/\/www.ameco-group.com\/es\/wp-json\/wp\/v2\/posts"}],"about":[{"href":"https:\/\/www.ameco-group.com\/es\/wp-json\/wp\/v2\/types\/post"}],"author":[{"embeddable":true,"href":"https:\/\/www.ameco-group.com\/es\/wp-json\/wp\/v2\/users\/3"}],"replies":[{"embeddable":true,"href":"https:\/\/www.ameco-group.com\/es\/wp-json\/wp\/v2\/comments?post=2908"}],"version-history":[{"count":6,"href":"https:\/\/www.ameco-group.com\/es\/wp-json\/wp\/v2\/posts\/2908\/revisions"}],"predecessor-version":[{"id":7125,"href":"https:\/\/www.ameco-group.com\/es\/wp-json\/wp\/v2\/posts\/2908\/revisions\/7125"}],"wp:featuredmedia":[{"embeddable":true,"href":"https:\/\/www.ameco-group.com\/es\/wp-json\/wp\/v2\/media\/2911"}],"wp:attachment":[{"href":"https:\/\/www.ameco-group.com\/es\/wp-json\/wp\/v2\/media?parent=2908"}],"wp:term":[{"taxonomy":"category","embeddable":true,"href":"https:\/\/www.ameco-group.com\/es\/wp-json\/wp\/v2\/categories?post=2908"},{"taxonomy":"post_tag","embeddable":true,"href":"https:\/\/www.ameco-group.com\/es\/wp-json\/wp\/v2\/tags?post=2908"}],"curies":[{"name":"wp","href":"https:\/\/api.w.org\/{rel}","templated":true}]}}