{"id":2359,"date":"2015-02-08T15:26:12","date_gmt":"2015-02-08T14:26:12","guid":{"rendered":"https:\/\/www.ameco-group.com\/?p=2359"},"modified":"2019-03-26T15:27:32","modified_gmt":"2019-03-26T14:27:32","slug":"cargador-de-barcos-ameco-sveagruva-cargadores-de-barcos-para-fertilizantes-en-noruega","status":"publish","type":"post","link":"https:\/\/www.ameco-group.com\/es\/noticias\/cargador-de-barcos-ameco-sveagruva-cargadores-de-barcos-para-fertilizantes-en-noruega\/","title":{"rendered":"Cargador de Barcos Ameco Sveagruva, Cargadores de Barcos para Fertilizantes en Noruega"},"content":{"rendered":"<p><img decoding=\"async\" src=\"https:\/\/www.ameco-group.com\/wp-inside\/uploads\/2018\/10\/tsl-norway-2-780x396.jpg\" alt=\"TSL Noruega\" class=\"alignnone size-w780\" \/><\/p>\n<p>Un proyecto del cual AMECO est\u00e1 particularmente orgullosa es el de la entrega de un cargador de barcos a la Store Norske Spitsbergen Kulkompani para cargar naves a una capacidad de 2,000tph.<\/p>\n<p>Esta empresa noruega opera la mina m\u00e1s septentrional del mundo en Svea, Svalbard. Debido a las condiciones clim\u00e1ticas polares, AMECO tuvo que respetar fechas de entrega muy estrictas, re-examinar por completo sus dise\u00f1os y embarcar la maquinarias completamente ensamblada. AMECO estuvo a la altura de estos desafios, entregando el proyecto de forma m\u00e1s que satisfactoria para el cliente.<\/p>\n<p><strong>Capacidad:<\/strong>\u00a02000 ton\/h<br \/>\n<strong>Longitud de la pluma:\u00a0<\/strong>26 000 mm<\/p>\n<p><strong>Cliente final :<\/strong>\u00a0Store Norske Spitsbergen Kulkompani (SNSK)<br \/>\n<strong>Materal a Manejar :\u00a0<\/strong>Carb\u00f3n<br \/>\n<strong>Industria :<\/strong>\u00a0Miner\u00eda<\/p>\n","protected":false},"excerpt":{"rendered":"<p>Un proyecto del cual AMECO est\u00e1 particularmente orgullosa es el de la entrega de un cargador de barcos a la [&hellip;]<\/p>\n","protected":false},"author":2,"featured_media":1098,"comment_status":"closed","ping_status":"closed","sticky":false,"template":"","format":"standard","meta":{"_acf_changed":false,"footnotes":""},"categories":[4,17],"tags":[],"class_list":["post-2359","post","type-post","status-publish","format-standard","has-post-thumbnail","hentry","category-noticias","category-cargador-de-barcos","wp-sticky"],"acf":[],"yoast_head":"<!-- This site is optimized with the Yoast SEO plugin v27.5 - https:\/\/yoast.com\/product\/yoast-seo-wordpress\/ -->\n<title>Cargador de Barcos Ameco Sveagruva, Cargadores de Barcos para Fertilizantes en Noruega<\/title>\n<meta name=\"robots\" content=\"index, follow, max-snippet:-1, max-image-preview:large, max-video-preview:-1\" \/>\n<link rel=\"canonical\" href=\"https:\/\/www.ameco-group.com\/es\/noticias\/cargador-de-barcos-ameco-sveagruva-cargadores-de-barcos-para-fertilizantes-en-noruega\/\" \/>\n<meta property=\"og:locale\" content=\"es_ES\" \/>\n<meta property=\"og:type\" content=\"article\" \/>\n<meta property=\"og:title\" content=\"Cargador de Barcos Ameco Sveagruva, Cargadores de Barcos para Fertilizantes en Noruega\" \/>\n<meta property=\"og:description\" content=\"Un proyecto del cual AMECO est\u00e1 particularmente orgullosa es el de la entrega de un cargador de barcos a la [&hellip;]\" \/>\n<meta property=\"og:url\" content=\"https:\/\/www.ameco-group.com\/es\/noticias\/cargador-de-barcos-ameco-sveagruva-cargadores-de-barcos-para-fertilizantes-en-noruega\/\" \/>\n<meta property=\"og:site_name\" content=\"AMECO Group\" \/>\n<meta property=\"article:published_time\" content=\"2015-02-08T14:26:12+00:00\" \/>\n<meta property=\"article:modified_time\" content=\"2019-03-26T14:27:32+00:00\" \/>\n<meta property=\"og:image\" content=\"https:\/\/www.ameco-group.com\/wp-inside\/uploads\/2018\/10\/tsl-norway-2.jpg\" \/>\n\t<meta property=\"og:image:width\" content=\"1800\" \/>\n\t<meta property=\"og:image:height\" content=\"913\" \/>\n\t<meta property=\"og:image:type\" content=\"image\/jpeg\" \/>\n<meta name=\"author\" content=\"Premi\u00e8re Place\" \/>\n<meta name=\"twitter:card\" content=\"summary_large_image\" \/>\n<meta name=\"twitter:label1\" content=\"Escrito por\" \/>\n\t<meta name=\"twitter:data1\" content=\"Premi\u00e8re Place\" \/>\n\t<meta name=\"twitter:label2\" content=\"Tiempo de lectura\" \/>\n\t<meta name=\"twitter:data2\" content=\"1 minuto\" \/>\n<script type=\"application\/ld+json\" class=\"yoast-schema-graph\">{\"@context\":\"https:\\\/\\\/schema.org\",\"@graph\":[{\"@type\":\"Article\",\"@id\":\"https:\\\/\\\/www.ameco-group.com\\\/es\\\/noticias\\\/cargador-de-barcos-ameco-sveagruva-cargadores-de-barcos-para-fertilizantes-en-noruega\\\/#article\",\"isPartOf\":{\"@id\":\"https:\\\/\\\/www.ameco-group.com\\\/es\\\/noticias\\\/cargador-de-barcos-ameco-sveagruva-cargadores-de-barcos-para-fertilizantes-en-noruega\\\/\"},\"author\":{\"name\":\"Premi\u00e8re Place\",\"@id\":\"https:\\\/\\\/www.ameco-group.com\\\/es\\\/#\\\/schema\\\/person\\\/7b5b079deeee9806e376f317d2487216\"},\"headline\":\"Cargador de Barcos Ameco Sveagruva, Cargadores de Barcos para Fertilizantes en Noruega\",\"datePublished\":\"2015-02-08T14:26:12+00:00\",\"dateModified\":\"2019-03-26T14:27:32+00:00\",\"mainEntityOfPage\":{\"@id\":\"https:\\\/\\\/www.ameco-group.com\\\/es\\\/noticias\\\/cargador-de-barcos-ameco-sveagruva-cargadores-de-barcos-para-fertilizantes-en-noruega\\\/\"},\"wordCount\":129,\"publisher\":{\"@id\":\"https:\\\/\\\/www.ameco-group.com\\\/es\\\/#organization\"},\"image\":{\"@id\":\"https:\\\/\\\/www.ameco-group.com\\\/es\\\/noticias\\\/cargador-de-barcos-ameco-sveagruva-cargadores-de-barcos-para-fertilizantes-en-noruega\\\/#primaryimage\"},\"thumbnailUrl\":\"https:\\\/\\\/www.ameco-group.com\\\/wp-inside\\\/uploads\\\/2018\\\/10\\\/tsl-norway-2.jpg\",\"articleSection\":[\"Blog\",\"Cargador de barcos\"],\"inLanguage\":\"es\"},{\"@type\":\"WebPage\",\"@id\":\"https:\\\/\\\/www.ameco-group.com\\\/es\\\/noticias\\\/cargador-de-barcos-ameco-sveagruva-cargadores-de-barcos-para-fertilizantes-en-noruega\\\/\",\"url\":\"https:\\\/\\\/www.ameco-group.com\\\/es\\\/noticias\\\/cargador-de-barcos-ameco-sveagruva-cargadores-de-barcos-para-fertilizantes-en-noruega\\\/\",\"name\":\"Cargador de Barcos Ameco Sveagruva, Cargadores de Barcos para Fertilizantes en Noruega\",\"isPartOf\":{\"@id\":\"https:\\\/\\\/www.ameco-group.com\\\/es\\\/#website\"},\"primaryImageOfPage\":{\"@id\":\"https:\\\/\\\/www.ameco-group.com\\\/es\\\/noticias\\\/cargador-de-barcos-ameco-sveagruva-cargadores-de-barcos-para-fertilizantes-en-noruega\\\/#primaryimage\"},\"image\":{\"@id\":\"https:\\\/\\\/www.ameco-group.com\\\/es\\\/noticias\\\/cargador-de-barcos-ameco-sveagruva-cargadores-de-barcos-para-fertilizantes-en-noruega\\\/#primaryimage\"},\"thumbnailUrl\":\"https:\\\/\\\/www.ameco-group.com\\\/wp-inside\\\/uploads\\\/2018\\\/10\\\/tsl-norway-2.jpg\",\"datePublished\":\"2015-02-08T14:26:12+00:00\",\"dateModified\":\"2019-03-26T14:27:32+00:00\",\"breadcrumb\":{\"@id\":\"https:\\\/\\\/www.ameco-group.com\\\/es\\\/noticias\\\/cargador-de-barcos-ameco-sveagruva-cargadores-de-barcos-para-fertilizantes-en-noruega\\\/#breadcrumb\"},\"inLanguage\":\"es\",\"potentialAction\":[{\"@type\":\"ReadAction\",\"target\":[\"https:\\\/\\\/www.ameco-group.com\\\/es\\\/noticias\\\/cargador-de-barcos-ameco-sveagruva-cargadores-de-barcos-para-fertilizantes-en-noruega\\\/\"]}]},{\"@type\":\"ImageObject\",\"inLanguage\":\"es\",\"@id\":\"https:\\\/\\\/www.ameco-group.com\\\/es\\\/noticias\\\/cargador-de-barcos-ameco-sveagruva-cargadores-de-barcos-para-fertilizantes-en-noruega\\\/#primaryimage\",\"url\":\"https:\\\/\\\/www.ameco-group.com\\\/wp-inside\\\/uploads\\\/2018\\\/10\\\/tsl-norway-2.jpg\",\"contentUrl\":\"https:\\\/\\\/www.ameco-group.com\\\/wp-inside\\\/uploads\\\/2018\\\/10\\\/tsl-norway-2.jpg\",\"width\":1800,\"height\":913,\"caption\":\"TSL Norway\"},{\"@type\":\"BreadcrumbList\",\"@id\":\"https:\\\/\\\/www.ameco-group.com\\\/es\\\/noticias\\\/cargador-de-barcos-ameco-sveagruva-cargadores-de-barcos-para-fertilizantes-en-noruega\\\/#breadcrumb\",\"itemListElement\":[{\"@type\":\"ListItem\",\"position\":1,\"name\":\"Inicio\",\"item\":\"https:\\\/\\\/www.ameco-group.com\\\/es\\\/\"},{\"@type\":\"ListItem\",\"position\":2,\"name\":\"Blog\",\"item\":\"https:\\\/\\\/www.ameco-group.com\\\/es\\\/noticias\\\/\"},{\"@type\":\"ListItem\",\"position\":3,\"name\":\"Cargador de Barcos Ameco Sveagruva, Cargadores de Barcos para Fertilizantes en Noruega\"}]},{\"@type\":\"WebSite\",\"@id\":\"https:\\\/\\\/www.ameco-group.com\\\/es\\\/#website\",\"url\":\"https:\\\/\\\/www.ameco-group.com\\\/es\\\/\",\"name\":\"AMECO Group\",\"description\":\"Stackers, Reclaimers, Blending Systems and Shiploaders\",\"publisher\":{\"@id\":\"https:\\\/\\\/www.ameco-group.com\\\/es\\\/#organization\"},\"potentialAction\":[{\"@type\":\"SearchAction\",\"target\":{\"@type\":\"EntryPoint\",\"urlTemplate\":\"https:\\\/\\\/www.ameco-group.com\\\/es\\\/?s={search_term_string}\"},\"query-input\":{\"@type\":\"PropertyValueSpecification\",\"valueRequired\":true,\"valueName\":\"search_term_string\"}}],\"inLanguage\":\"es\"},{\"@type\":\"Organization\",\"@id\":\"https:\\\/\\\/www.ameco-group.com\\\/es\\\/#organization\",\"name\":\"Ameco\",\"url\":\"https:\\\/\\\/www.ameco-group.com\\\/es\\\/\",\"logo\":{\"@type\":\"ImageObject\",\"inLanguage\":\"es\",\"@id\":\"https:\\\/\\\/www.ameco-group.com\\\/es\\\/#\\\/schema\\\/logo\\\/image\\\/\",\"url\":\"https:\\\/\\\/www.ameco-group.com\\\/wp-inside\\\/uploads\\\/2022\\\/06\\\/ameco-logo.png\",\"contentUrl\":\"https:\\\/\\\/www.ameco-group.com\\\/wp-inside\\\/uploads\\\/2022\\\/06\\\/ameco-logo.png\",\"width\":500,\"height\":134,\"caption\":\"Ameco\"},\"image\":{\"@id\":\"https:\\\/\\\/www.ameco-group.com\\\/es\\\/#\\\/schema\\\/logo\\\/image\\\/\"}},{\"@type\":\"Person\",\"@id\":\"https:\\\/\\\/www.ameco-group.com\\\/es\\\/#\\\/schema\\\/person\\\/7b5b079deeee9806e376f317d2487216\",\"name\":\"Premi\u00e8re Place\",\"image\":{\"@type\":\"ImageObject\",\"inLanguage\":\"es\",\"@id\":\"https:\\\/\\\/secure.gravatar.com\\\/avatar\\\/5091af20ac2a44cb521992f13fec8a09deb308a5b721983dec39b595a5302c6a?s=96&d=mm&r=g\",\"url\":\"https:\\\/\\\/secure.gravatar.com\\\/avatar\\\/5091af20ac2a44cb521992f13fec8a09deb308a5b721983dec39b595a5302c6a?s=96&d=mm&r=g\",\"contentUrl\":\"https:\\\/\\\/secure.gravatar.com\\\/avatar\\\/5091af20ac2a44cb521992f13fec8a09deb308a5b721983dec39b595a5302c6a?s=96&d=mm&r=g\",\"caption\":\"Premi\u00e8re Place\"}}]}<\/script>\n<!-- \/ Yoast SEO plugin. -->","yoast_head_json":{"title":"Cargador de Barcos Ameco Sveagruva, Cargadores de Barcos para Fertilizantes en Noruega","robots":{"index":"index","follow":"follow","max-snippet":"max-snippet:-1","max-image-preview":"max-image-preview:large","max-video-preview":"max-video-preview:-1"},"canonical":"https:\/\/www.ameco-group.com\/es\/noticias\/cargador-de-barcos-ameco-sveagruva-cargadores-de-barcos-para-fertilizantes-en-noruega\/","og_locale":"es_ES","og_type":"article","og_title":"Cargador de Barcos Ameco Sveagruva, Cargadores de Barcos para Fertilizantes en Noruega","og_description":"Un proyecto del cual AMECO est\u00e1 particularmente orgullosa es el de la entrega de un cargador de barcos a la [&hellip;]","og_url":"https:\/\/www.ameco-group.com\/es\/noticias\/cargador-de-barcos-ameco-sveagruva-cargadores-de-barcos-para-fertilizantes-en-noruega\/","og_site_name":"AMECO Group","article_published_time":"2015-02-08T14:26:12+00:00","article_modified_time":"2019-03-26T14:27:32+00:00","og_image":[{"width":1800,"height":913,"url":"https:\/\/www.ameco-group.com\/wp-inside\/uploads\/2018\/10\/tsl-norway-2.jpg","type":"image\/jpeg"}],"author":"Premi\u00e8re Place","twitter_card":"summary_large_image","twitter_misc":{"Escrito por":"Premi\u00e8re Place","Tiempo de lectura":"1 minuto"},"schema":{"@context":"https:\/\/schema.org","@graph":[{"@type":"Article","@id":"https:\/\/www.ameco-group.com\/es\/noticias\/cargador-de-barcos-ameco-sveagruva-cargadores-de-barcos-para-fertilizantes-en-noruega\/#article","isPartOf":{"@id":"https:\/\/www.ameco-group.com\/es\/noticias\/cargador-de-barcos-ameco-sveagruva-cargadores-de-barcos-para-fertilizantes-en-noruega\/"},"author":{"name":"Premi\u00e8re Place","@id":"https:\/\/www.ameco-group.com\/es\/#\/schema\/person\/7b5b079deeee9806e376f317d2487216"},"headline":"Cargador de Barcos Ameco Sveagruva, Cargadores de Barcos para Fertilizantes en Noruega","datePublished":"2015-02-08T14:26:12+00:00","dateModified":"2019-03-26T14:27:32+00:00","mainEntityOfPage":{"@id":"https:\/\/www.ameco-group.com\/es\/noticias\/cargador-de-barcos-ameco-sveagruva-cargadores-de-barcos-para-fertilizantes-en-noruega\/"},"wordCount":129,"publisher":{"@id":"https:\/\/www.ameco-group.com\/es\/#organization"},"image":{"@id":"https:\/\/www.ameco-group.com\/es\/noticias\/cargador-de-barcos-ameco-sveagruva-cargadores-de-barcos-para-fertilizantes-en-noruega\/#primaryimage"},"thumbnailUrl":"https:\/\/www.ameco-group.com\/wp-inside\/uploads\/2018\/10\/tsl-norway-2.jpg","articleSection":["Blog","Cargador de barcos"],"inLanguage":"es"},{"@type":"WebPage","@id":"https:\/\/www.ameco-group.com\/es\/noticias\/cargador-de-barcos-ameco-sveagruva-cargadores-de-barcos-para-fertilizantes-en-noruega\/","url":"https:\/\/www.ameco-group.com\/es\/noticias\/cargador-de-barcos-ameco-sveagruva-cargadores-de-barcos-para-fertilizantes-en-noruega\/","name":"Cargador de Barcos Ameco Sveagruva, Cargadores de Barcos para Fertilizantes en Noruega","isPartOf":{"@id":"https:\/\/www.ameco-group.com\/es\/#website"},"primaryImageOfPage":{"@id":"https:\/\/www.ameco-group.com\/es\/noticias\/cargador-de-barcos-ameco-sveagruva-cargadores-de-barcos-para-fertilizantes-en-noruega\/#primaryimage"},"image":{"@id":"https:\/\/www.ameco-group.com\/es\/noticias\/cargador-de-barcos-ameco-sveagruva-cargadores-de-barcos-para-fertilizantes-en-noruega\/#primaryimage"},"thumbnailUrl":"https:\/\/www.ameco-group.com\/wp-inside\/uploads\/2018\/10\/tsl-norway-2.jpg","datePublished":"2015-02-08T14:26:12+00:00","dateModified":"2019-03-26T14:27:32+00:00","breadcrumb":{"@id":"https:\/\/www.ameco-group.com\/es\/noticias\/cargador-de-barcos-ameco-sveagruva-cargadores-de-barcos-para-fertilizantes-en-noruega\/#breadcrumb"},"inLanguage":"es","potentialAction":[{"@type":"ReadAction","target":["https:\/\/www.ameco-group.com\/es\/noticias\/cargador-de-barcos-ameco-sveagruva-cargadores-de-barcos-para-fertilizantes-en-noruega\/"]}]},{"@type":"ImageObject","inLanguage":"es","@id":"https:\/\/www.ameco-group.com\/es\/noticias\/cargador-de-barcos-ameco-sveagruva-cargadores-de-barcos-para-fertilizantes-en-noruega\/#primaryimage","url":"https:\/\/www.ameco-group.com\/wp-inside\/uploads\/2018\/10\/tsl-norway-2.jpg","contentUrl":"https:\/\/www.ameco-group.com\/wp-inside\/uploads\/2018\/10\/tsl-norway-2.jpg","width":1800,"height":913,"caption":"TSL Norway"},{"@type":"BreadcrumbList","@id":"https:\/\/www.ameco-group.com\/es\/noticias\/cargador-de-barcos-ameco-sveagruva-cargadores-de-barcos-para-fertilizantes-en-noruega\/#breadcrumb","itemListElement":[{"@type":"ListItem","position":1,"name":"Inicio","item":"https:\/\/www.ameco-group.com\/es\/"},{"@type":"ListItem","position":2,"name":"Blog","item":"https:\/\/www.ameco-group.com\/es\/noticias\/"},{"@type":"ListItem","position":3,"name":"Cargador de Barcos Ameco Sveagruva, Cargadores de Barcos para Fertilizantes en Noruega"}]},{"@type":"WebSite","@id":"https:\/\/www.ameco-group.com\/es\/#website","url":"https:\/\/www.ameco-group.com\/es\/","name":"AMECO Group","description":"Stackers, Reclaimers, Blending Systems and Shiploaders","publisher":{"@id":"https:\/\/www.ameco-group.com\/es\/#organization"},"potentialAction":[{"@type":"SearchAction","target":{"@type":"EntryPoint","urlTemplate":"https:\/\/www.ameco-group.com\/es\/?s={search_term_string}"},"query-input":{"@type":"PropertyValueSpecification","valueRequired":true,"valueName":"search_term_string"}}],"inLanguage":"es"},{"@type":"Organization","@id":"https:\/\/www.ameco-group.com\/es\/#organization","name":"Ameco","url":"https:\/\/www.ameco-group.com\/es\/","logo":{"@type":"ImageObject","inLanguage":"es","@id":"https:\/\/www.ameco-group.com\/es\/#\/schema\/logo\/image\/","url":"https:\/\/www.ameco-group.com\/wp-inside\/uploads\/2022\/06\/ameco-logo.png","contentUrl":"https:\/\/www.ameco-group.com\/wp-inside\/uploads\/2022\/06\/ameco-logo.png","width":500,"height":134,"caption":"Ameco"},"image":{"@id":"https:\/\/www.ameco-group.com\/es\/#\/schema\/logo\/image\/"}},{"@type":"Person","@id":"https:\/\/www.ameco-group.com\/es\/#\/schema\/person\/7b5b079deeee9806e376f317d2487216","name":"Premi\u00e8re Place","image":{"@type":"ImageObject","inLanguage":"es","@id":"https:\/\/secure.gravatar.com\/avatar\/5091af20ac2a44cb521992f13fec8a09deb308a5b721983dec39b595a5302c6a?s=96&d=mm&r=g","url":"https:\/\/secure.gravatar.com\/avatar\/5091af20ac2a44cb521992f13fec8a09deb308a5b721983dec39b595a5302c6a?s=96&d=mm&r=g","contentUrl":"https:\/\/secure.gravatar.com\/avatar\/5091af20ac2a44cb521992f13fec8a09deb308a5b721983dec39b595a5302c6a?s=96&d=mm&r=g","caption":"Premi\u00e8re Place"}}]}},"_links":{"self":[{"href":"https:\/\/www.ameco-group.com\/es\/wp-json\/wp\/v2\/posts\/2359","targetHints":{"allow":["GET"]}}],"collection":[{"href":"https:\/\/www.ameco-group.com\/es\/wp-json\/wp\/v2\/posts"}],"about":[{"href":"https:\/\/www.ameco-group.com\/es\/wp-json\/wp\/v2\/types\/post"}],"author":[{"embeddable":true,"href":"https:\/\/www.ameco-group.com\/es\/wp-json\/wp\/v2\/users\/2"}],"replies":[{"embeddable":true,"href":"https:\/\/www.ameco-group.com\/es\/wp-json\/wp\/v2\/comments?post=2359"}],"version-history":[{"count":1,"href":"https:\/\/www.ameco-group.com\/es\/wp-json\/wp\/v2\/posts\/2359\/revisions"}],"predecessor-version":[{"id":2360,"href":"https:\/\/www.ameco-group.com\/es\/wp-json\/wp\/v2\/posts\/2359\/revisions\/2360"}],"wp:featuredmedia":[{"embeddable":true,"href":"https:\/\/www.ameco-group.com\/es\/wp-json\/wp\/v2\/media\/1098"}],"wp:attachment":[{"href":"https:\/\/www.ameco-group.com\/es\/wp-json\/wp\/v2\/media?parent=2359"}],"wp:term":[{"taxonomy":"category","embeddable":true,"href":"https:\/\/www.ameco-group.com\/es\/wp-json\/wp\/v2\/categories?post=2359"},{"taxonomy":"post_tag","embeddable":true,"href":"https:\/\/www.ameco-group.com\/es\/wp-json\/wp\/v2\/tags?post=2359"}],"curies":[{"name":"wp","href":"https:\/\/api.w.org\/{rel}","templated":true}]}}